{"id":42575,"date":"2022-06-19T20:25:31","date_gmt":"2022-06-20T01:25:31","guid":{"rendered":"http:\/\/www.zonaroja.com.mx\/?p=42575"},"modified":"2022-06-19T20:25:33","modified_gmt":"2022-06-20T01:25:33","slug":"sentencian-a-130-anos-de-prision-a-secuestrador-de-hondurenos-en-oaxaca","status":"publish","type":"post","link":"https:\/\/zonaroja.com.mx\/?p=42575","title":{"rendered":"Sentencian a 130 a\u00f1os de prisi\u00f3n a secuestrador de hondure\u00f1os en Oaxaca"},"content":{"rendered":"\n<p>Redacci\u00f3n\/Zona Roja.&nbsp;<\/p>\n\n\n\n<p>Oaxaca de Ju\u00e1rez, Oax., 19 de junio de 2022.- La Fiscal\u00eda General del Estado de Oaxaca (FGEO) obtuvo, del Tribunal de Enjuiciamiento, sentencia condenatoria de 130 a\u00f1os de prisi\u00f3n contra la persona del sexo masculino identificada como U. R. S., responsable del delito de secuestro agravado en contra de cuatro migrantes de nacionalidad hondure\u00f1a -cuya identidad es reservada por ley-, cometido en jurisdicci\u00f3n de Santo Domingo Zanatepec, regi\u00f3n del Istmo de Tehuantepec.<\/p>\n\n\n\n<p>De acuerdo con la causa penal 308\/2019, el 8 de junio de 2019, las v\u00edctimas pretend\u00edan evadir un m\u00f3dulo de migraci\u00f3n ubicado en Ciudad Ixtepec cuando fueron interceptadas por un grupo de sujetos armados -entre ellos el sentenciado- quienes las secuestraron y trasladaron a una casa de seguridad ubicada en el Rancho \u201cEl Chepe Negro\u201d, perteneciente al municipio de Santo Domingo Zanatepec.<\/p>\n\n\n\n<p>Por estos hechos, la Fiscal\u00eda General -a trav\u00e9s de la Fiscal\u00eda Especializada en Atenci\u00f3n a Delitos de Alto Impacto- comenz\u00f3 con las investigaciones pertinentes, localizando y aprehendiendo al probable responsable, quien fue presentado ante el Juez de la causa, quien determin\u00f3 vincularlo a proceso en agosto de 2019.<\/p>\n\n\n\n<p>En audiencia, el Tribunal de Enjuiciamiento dict\u00f3 sentencia condenatoria contra U. R. S., imponiendo la pena de 130 a\u00f1os de prisi\u00f3n y orden\u00f3 el pago de m\u00e1s de 427 mil pesos por concepto de reparaci\u00f3n del da\u00f1o.<\/p>\n\n\n\n<p>La Fiscal\u00eda General garantiza justicia plena a v\u00edctimas directas e indirectas del delito de secuestro, aplicando todo el rigor de la Ley a quienes resulten responsables.<\/p>\n\n\n\n<p>VINCULADO A PROCESO<\/p>\n\n\n\n<p>En otro caso, la Fiscal\u00eda General del Estado de Oaxaca (FGEO) obtuvo, del Juzgado de Control, auto de vinculaci\u00f3n a proceso contra la persona del sexo masculino identificada como H. A. T. N., probable part\u00edcipe en el delito de homicidio calificado con ventaja en agravio de quien en vida respondi\u00f3 al nombre de M. A. M. C., cometido en mayo de 2019, en jurisdicci\u00f3n de Santo Domingo Tehuantepec, en la regi\u00f3n del Istmo.<\/p>\n\n\n\n<p>De acuerdo con la carpeta de investigaci\u00f3n 18501\/FIST\/SALINA\/2019, el 31 de mayo de 2019, un grupo de sujetos -entre los que se encontraba el imputado- intercept\u00f3 el veh\u00edculo de la v\u00edctima, la sometieron y condujeron al paraje denominado \u201cCampo de Tiro\u201d, ubicado en la poblaci\u00f3n de Guelaguechi, en el referido municipio, donde la agredieron con un arma blanca, ocasion\u00e1ndole la muerte por las lesiones infligidas.<\/p>\n\n\n\n<p>Ante este hecho, la Instituci\u00f3n de procuraci\u00f3n de justicia intervino, iniciando los actos de investigaci\u00f3n correspondientes que permitieran dar con los responsables de este crimen, logrando la aprehensi\u00f3n de uno de los probables part\u00edcipes, quien fue presentado ante la autoridad judicial correspondiente.<\/p>\n\n\n\n<p>En audiencia y tras validar los datos probatorios aportados por la Direcci\u00f3n de Averiguaciones Previas y Procesos, el Juez en turno determin\u00f3 vincular a proceso a H. A. T. N., imponiendo la medida cautelar de prisi\u00f3n preventiva y otorg\u00f3 tres meses para el cierre de investigaci\u00f3n complementaria.<\/p>\n","protected":false},"excerpt":{"rendered":"<p>Redacci\u00f3n\/Zona Roja.&nbsp; Oaxaca de Ju\u00e1rez, Oax., 19 de junio de 2022.- La Fiscal\u00eda General del&hellip;<\/p>\n","protected":false},"author":2,"featured_media":42252,"comment_status":"closed","ping_status":"open","sticky":false,"template":"","format":"standard","meta":{"_lmt_disableupdate":"","_lmt_disable":"","_jetpack_memberships_contains_paid_content":false,"footnotes":""},"categories":[109,46],"tags":[494],"class_list":["post-42575","post","type-post","status-publish","format-standard","has-post-thumbnail","hentry","category-minuto-a-minuto","category-zona-blanca","tag-fiscalia-general-del-estado-de-oaxaca"],"jetpack_featured_media_url":"https:\/\/zonaroja.com.mx\/wp-content\/uploads\/2022\/06\/Tribunal-sentencia-.webp","jetpack_sharing_enabled":true,"_links":{"self":[{"href":"https:\/\/zonaroja.com.mx\/index.php?rest_route=\/wp\/v2\/posts\/42575","targetHints":{"allow":["GET"]}}],"collection":[{"href":"https:\/\/zonaroja.com.mx\/index.php?rest_route=\/wp\/v2\/posts"}],"about":[{"href":"https:\/\/zonaroja.com.mx\/index.php?rest_route=\/wp\/v2\/types\/post"}],"author":[{"embeddable":true,"href":"https:\/\/zonaroja.com.mx\/index.php?rest_route=\/wp\/v2\/users\/2"}],"replies":[{"embeddable":true,"href":"https:\/\/zonaroja.com.mx\/index.php?rest_route=%2Fwp%2Fv2%2Fcomments&post=42575"}],"version-history":[{"count":1,"href":"https:\/\/zonaroja.com.mx\/index.php?rest_route=\/wp\/v2\/posts\/42575\/revisions"}],"predecessor-version":[{"id":42576,"href":"https:\/\/zonaroja.com.mx\/index.php?rest_route=\/wp\/v2\/posts\/42575\/revisions\/42576"}],"wp:featuredmedia":[{"embeddable":true,"href":"https:\/\/zonaroja.com.mx\/index.php?rest_route=\/wp\/v2\/media\/42252"}],"wp:attachment":[{"href":"https:\/\/zonaroja.com.mx\/index.php?rest_route=%2Fwp%2Fv2%2Fmedia&parent=42575"}],"wp:term":[{"taxonomy":"category","embeddable":true,"href":"https:\/\/zonaroja.com.mx\/index.php?rest_route=%2Fwp%2Fv2%2Fcategories&post=42575"},{"taxonomy":"post_tag","embeddable":true,"href":"https:\/\/zonaroja.com.mx\/index.php?rest_route=%2Fwp%2Fv2%2Ftags&post=42575"}],"curies":[{"name":"wp","href":"https:\/\/api.w.org\/{rel}","templated":true}]}}