{"id":42577,"date":"2022-06-20T06:45:14","date_gmt":"2022-06-20T11:45:14","guid":{"rendered":"http:\/\/www.zonaroja.com.mx\/?p=42577"},"modified":"2022-06-20T06:45:15","modified_gmt":"2022-06-20T11:45:15","slug":"aumenta-casi-en-50-casos-de-covid-en-oaxaca","status":"publish","type":"post","link":"https:\/\/zonaroja.com.mx\/?p=42577","title":{"rendered":"Aumenta casi en 50% casos de Covid en Oaxaca"},"content":{"rendered":"\n<p>Redacci\u00f3n\/Zona Roja.<\/p>\n\n\n\n<p>Oaxaca de Ju\u00e1rez, Oax., 20 de junio de 2022.- La dependencia Servicios de Salud de Oaxaca (SSO) inform\u00f3 que durante el per\u00edodo comprendido del 12 al 18 de junio, la entidad registr\u00f3 un acumulado de 122 mil 868 casos confirmados del virus SARS-CoV-2.<\/p>\n\n\n\n<p>Durante el resumen semanal de la situaci\u00f3n epidemiol\u00f3gica actual de la pandemia por Covid-19 en la entidad, detall\u00f3 que mil 159 casos se contabilizaron en esta \u00faltima semana lo que significa que hubo un incremento del 43.79% en comparaci\u00f3n a la semana anterior.<\/p>\n\n\n\n<p>Sostuvo que el global de defunciones desde el inicio de la pandemia a la fecha es de seis mil 222 p\u00e9rdidas de vidas humanas. En tanto, en el per\u00edodo que se informa se notificaron 15 lamentables decesos a causa de esta patolog\u00eda respiratoria.<\/p>\n\n\n\n<p>Y siguiendo la Estrategia de la Pol\u00edtica Nacional de Vacunaci\u00f3n contra el virus SARS-CoV-2 para la prevenci\u00f3n de la Covid-19 en M\u00e9xico, desde que inici\u00f3 la inmunizaci\u00f3n a la fecha se han aplicado cinco millones 46 mil 196 primeras y segundas dosis, as\u00ed como refuerzos, de los biol\u00f3gicos AstraZeneca, Pfizer-BioNTech, Sinovac, Cansino y Moderna.<\/p>\n\n\n\n<p>A\u00f1adi\u00f3 que es importante no relajar las medidas sanitarias y seguir implementando los protocolos vigentes como son: el uso correcto del cubrebocas, el lavado de manos frecuente con agua y jab\u00f3n, mantener la sana distancia, as\u00ed como ventilar los espacios cerrados.<\/p>\n\n\n\n<p>Adem\u00e1s de acudir a vacunarse cuando corresponda y estar pendiente de la informaci\u00f3n que difunda el Sector Salud para la aplicaci\u00f3n de las dosis de refuerzo.<\/p>\n\n\n\n<p>La dependencia hizo el llamado a las mam\u00e1s, pap\u00e1s y tutores de ni\u00f1as y ni\u00f1os de 5 a 11 a\u00f1os, para que los registren en el portal \u201cMi Vacuna\u00bb de la Secretar\u00eda de Salud Federal, para que reciban el biol\u00f3gico cuando corresponda.<\/p>\n\n\n\n<figure class=\"wp-block-embed is-type-rich is-provider-twitter wp-block-embed-twitter\"><div class=\"wp-block-embed__wrapper\">\n<div class=\"twitter-tweet\"><blockquote class=\"twitter-tweet\" data-lang=\"es\"><p lang=\"es\" dir=\"ltr\"><a href=\"https:\/\/twitter.com\/hashtag\/%C3%9AltimoMinuto?src=hash&amp;ref_src=twsrc%5Etfw\">#\u00daltimoMinuto<\/a> <br>El Covid sigue en vertiginoso ascenso en <a href=\"https:\/\/twitter.com\/hashtag\/Oaxaca?src=hash&amp;ref_src=twsrc%5Etfw\">#Oaxaca<\/a>. <br>En una semana se registraron mil 159 contagios y 15 decesos. <br>Hay mil 445 casos activos y la ocupaci\u00f3n hospitalaria promedio subi\u00f3 a 8.1%. <a href=\"https:\/\/t.co\/Lr5yngfokN\">pic.twitter.com\/Lr5yngfokN<\/a><\/p>&mdash; Zona Roja Oaxaca (@ZonaRoja_Oaxaca) <a href=\"https:\/\/twitter.com\/ZonaRoja_Oaxaca\/status\/1538685826233671686?ref_src=twsrc%5Etfw\">20 de junio de 2022<\/a><\/blockquote><\/div>\n<\/div><\/figure>\n","protected":false},"excerpt":{"rendered":"<p>Redacci\u00f3n\/Zona Roja. Oaxaca de Ju\u00e1rez, Oax., 20 de junio de 2022.- La dependencia Servicios de&hellip;<\/p>\n","protected":false},"author":2,"featured_media":42578,"comment_status":"closed","ping_status":"open","sticky":false,"template":"","format":"standard","meta":{"_lmt_disableupdate":"","_lmt_disable":"","_jetpack_memberships_contains_paid_content":false,"footnotes":""},"categories":[109,47],"tags":[1512],"class_list":["post-42577","post","type-post","status-publish","format-standard","has-post-thumbnail","hentry","category-minuto-a-minuto","category-zona-gris","tag-coronavirus-oaxaca"],"jetpack_featured_media_url":"https:\/\/zonaroja.com.mx\/wp-content\/uploads\/2022\/06\/Gente-ciudad-de-Oaxaca-covid-coronavirus.jpg","jetpack_sharing_enabled":true,"_links":{"self":[{"href":"https:\/\/zonaroja.com.mx\/index.php?rest_route=\/wp\/v2\/posts\/42577","targetHints":{"allow":["GET"]}}],"collection":[{"href":"https:\/\/zonaroja.com.mx\/index.php?rest_route=\/wp\/v2\/posts"}],"about":[{"href":"https:\/\/zonaroja.com.mx\/index.php?rest_route=\/wp\/v2\/types\/post"}],"author":[{"embeddable":true,"href":"https:\/\/zonaroja.com.mx\/index.php?rest_route=\/wp\/v2\/users\/2"}],"replies":[{"embeddable":true,"href":"https:\/\/zonaroja.com.mx\/index.php?rest_route=%2Fwp%2Fv2%2Fcomments&post=42577"}],"version-history":[{"count":1,"href":"https:\/\/zonaroja.com.mx\/index.php?rest_route=\/wp\/v2\/posts\/42577\/revisions"}],"predecessor-version":[{"id":42579,"href":"https:\/\/zonaroja.com.mx\/index.php?rest_route=\/wp\/v2\/posts\/42577\/revisions\/42579"}],"wp:featuredmedia":[{"embeddable":true,"href":"https:\/\/zonaroja.com.mx\/index.php?rest_route=\/wp\/v2\/media\/42578"}],"wp:attachment":[{"href":"https:\/\/zonaroja.com.mx\/index.php?rest_route=%2Fwp%2Fv2%2Fmedia&parent=42577"}],"wp:term":[{"taxonomy":"category","embeddable":true,"href":"https:\/\/zonaroja.com.mx\/index.php?rest_route=%2Fwp%2Fv2%2Fcategories&post=42577"},{"taxonomy":"post_tag","embeddable":true,"href":"https:\/\/zonaroja.com.mx\/index.php?rest_route=%2Fwp%2Fv2%2Ftags&post=42577"}],"curies":[{"name":"wp","href":"https:\/\/api.w.org\/{rel}","templated":true}]}}