{"id":42581,"date":"2022-06-20T07:57:15","date_gmt":"2022-06-20T12:57:15","guid":{"rendered":"http:\/\/www.zonaroja.com.mx\/?p=42581"},"modified":"2022-06-20T07:57:16","modified_gmt":"2022-06-20T12:57:16","slug":"ahora-si-trabajaran-los-legisladores-o-seguiran-en-la-abulia","status":"publish","type":"post","link":"https:\/\/zonaroja.com.mx\/?p=42581","title":{"rendered":"\u00bfAhora s\u00ed trabajar\u00e1n los legisladores? O seguir\u00e1n en la abulia"},"content":{"rendered":"\n<p>Ismael Garc\u00eda M.\/Zona Roja.<\/p>\n\n\n\n<p>Oaxaca de Ju\u00e1rez, Oax., 20 de junio de 2022.- Terminadas las campa\u00f1as pol\u00edticas, y a fin de mes el receso en el Poder Legislativo, ahora s\u00ed los legisladores de Oaxaca tendr\u00e1n que ponerse a trabajar\u2026 para Salom\u00f3n Jara Cruz.<\/p>\n\n\n\n<p>El primer periodo de la 65 Legislatura fue de completa abulia, pues la orden del entonces precandidato y luego candidato fue: ninguna iniciativa relevante se presenta y se aprueba, si no la env\u00eda cuando sea gobernador electo.<\/p>\n\n\n\n<p>Laura Estrada Mauro lo cumpli\u00f3 al pie de la letra, al seguir pactando con priistas -como lo hizo en la Legislatura anterior, a cambio de prebendas y recursos financieros- para que no pasara nada.<\/p>\n\n\n\n<p>Y la precampa\u00f1a y la campa\u00f1a pol\u00edtica por la gubernatura contribuyeron a la par\u00e1lisis total, pues la mayor\u00eda de los legisladores, entre ellos candidatos, se ocuparon m\u00e1s en el proselitismo que en su labor.<\/p>\n\n\n\n<p>Eso s\u00ed, ninguno de ellos, incluyendo los que participaron por la gubernatura, pidieron licencia y permitieron el paso a su suplente; se la pasaron de permiso en permiso para seguir cobrando sus dietas.<\/p>\n\n\n\n<p>Como escribimos semanas atr\u00e1s, la gran mayor\u00eda de intervenciones y propuestas en el pleno son ocurrencias, y nada que ver con temas torales de Oaxaca. En el colmo, para evitar que no se reuniera el qu\u00f3rum, tuvieron que improvisar algunas sesiones, las \u00faltimas del primer periodo, de manera virtual.&nbsp; Pero ni as\u00ed.<\/p>\n\n\n\n<p>EN CAMPA\u00d1A<\/p>\n\n\n\n<p>Natividad D\u00edaz Jim\u00e9nez y Alejandro Avil\u00e9s \u00c1lvarez fueron parte de los siete aspirantes a la gubernatura. Y desde el inicio de la movilizaci\u00f3n electoral jam\u00e1s pidieron licencia; tampoco acud\u00edan a la C\u00e1mara de Diputados.<\/p>\n\n\n\n<p>Por cierto, los dos son integrantes de la Junta de Coordinaci\u00f3n Pol\u00edtica, lo que contribuy\u00f3 a una mayor par\u00e1lisis.<\/p>\n\n\n\n<p>Lo mismo hicieron muchos de los priistas y morenistas, a\u00fan cuando no formaran parte de alg\u00fan equipo de campa\u00f1a; frecuentes y notorias las ausencias, por ejemplo, de Lizbeth Concha, que se aboc\u00f3 a su cargo de secretaria General del PRI, o de Mariana Ben\u00edtez, vocera en la campa\u00f1a de Avil\u00e9s.<\/p>\n\n\n\n<p>Principalmente Laura Estrada Mauro, convidada de piedra en todos los actos de Jara Cruz y tolerada s\u00f3lo porque ha permitido el saqueo de recursos p\u00fablicos para financiar las actividades del hoy gobernador electo, incluyendo pago a medios de comunicaci\u00f3n.<\/p>\n\n\n\n<p>LA DIVISI\u00d3N<\/p>\n\n\n\n<p>El pasado 11 de junio, previo a obtener la constancia de mayor\u00eda, Jara Cruz se reuni\u00f3 con 17 legisladores de Morena, de 23 surgidos de ese partido; ausentes y rebeldes, el grupo de los cinco que apost\u00f3 por Susana Harp Iturribarr\u00eda.<\/p>\n\n\n\n<p>As\u00ed que se prev\u00e9 que el segundo periodo ordinario de sesiones, del primer a\u00f1o de ejercicio legislativo, seguir\u00e1 con la divisi\u00f3n entre los diputados morenistas.<\/p>\n\n\n\n<p>Principalmente con el grupo que comanda Flavio Sosa, pues a pesar de supuestamente sumarse a Salom\u00f3n Jara, en los \u00faltimos d\u00edas de campa\u00f1a, la herida sigue abierta.<\/p>\n\n\n\n<p>Como abierta continuar\u00e1 la amenaza velada de separarse de la fracci\u00f3n de Morena y conformar cinco de ellos una fracci\u00f3n independiente.&nbsp;<\/p>\n\n\n\n<p>Se distinguen precisamente por apoyar a Susana Harp y, aunque de dientes para fuera han recibido el perd\u00f3n del gobernador electo, en los hechos seguir\u00e1n marcados por el menosprecio del tr\u00edo de los Jara.<\/p>\n\n\n\n<p>As\u00ed que, a\u00fan con amagos, Horacio Sosa Villavicencio, C\u00e9sar Mateos Ben\u00edtez, Sesul Bola\u00f1os, Concepci\u00f3n Rueda y Melina Hern\u00e1ndez, seguir\u00e1n diezmados y vilipendiados\u2026 a menos que.<\/p>\n\n\n\n<p>\u00bfREINAR\u00c1 EL PRI?<\/p>\n\n\n\n<p>Por ahora, lo \u00fanico que queda al PRI y a los cinco a\u00fan morenistas en la 65 Legislatura es unir fuerzas para someter al resto de los morenistas, crecidos por el triunfo en las elecciones del 5 de junio. Habida cuenta que tienen un mismo hilo conductor.<\/p>\n\n\n\n<p>Alejandro Avil\u00e9s ya no tiene nada que perder y s\u00ed mucho qu\u00e9 ganar, al mantener sometidos a los otros seis legisladores (por cierto, \u00bfqu\u00e9 habr\u00e1n negociado para que no se haga m\u00e1s olas con el caso de Gustavo D\u00edaz S\u00e1nchez y que su espacio siga sin ser ocupado?).<\/p>\n\n\n\n<p>A Mariana Ben\u00edtez le queda un segundo periodo como presidenta de la Mesa Directiva y querr\u00e1, en el segundo a\u00f1o, presidir la Junta de Coordinaci\u00f3n Pol\u00edtica, pero no cuenta ni contar\u00e1 con el apoyo de sus dem\u00e1s compa\u00f1eros, todos obedientes a Avil\u00e9s.<\/p>\n\n\n\n<p>Y por lo pronto, la coalici\u00f3n pol\u00edtica en el proceso electoral, no funcionar\u00e1 en el Poder Legislativo, pues tanto el PVEM como el PT y la \u00fanica diputada del PUP seguir\u00e1n su propia ruta comercial.<\/p>\n\n\n\n<p>El supuesto verdeecologista Samuel Gurri\u00f3n, seguir\u00e1 siendo fiel al PRI, que le dio la diputaci\u00f3n, y seguir\u00e1 fingiendo fidelidad a la coalici\u00f3n; el PAN con dos legisladores no puede hacer mucho, al igual que el PRD con tres. &nbsp;<\/p>\n\n\n\n<p>Pero si se unen todos lo inconformes contra el grupo que a\u00fan comanda Laura Estrada, el morenismo tiene un futuro gris en el Congreso local.<\/p>\n\n\n\n<p>Por lo pronto, no bien termina el primer a\u00f1o de la 65 Legislatura, Laura Estrada Mauro pedir\u00e1 licencia para incorporarse a alg\u00fan cargo en el gabinete y abandonar la representaci\u00f3n popular, aunque la perseguir\u00e1 la sombra de la revisi\u00f3n de cuentas.<\/p>\n\n\n\n<p>As\u00ed que, \u00bflos diputados morenistas salieron ganando con el triunfo de Jara? No. Se les complicar\u00e1n m\u00e1s las negociaciones y cumplir los caprichos legislativos del pr\u00f3ximo gobernador les costar\u00e1 m\u00e1s dinero.&nbsp;<\/p>\n","protected":false},"excerpt":{"rendered":"<p>Ismael Garc\u00eda M.\/Zona Roja. Oaxaca de Ju\u00e1rez, Oax., 20 de junio de 2022.- Terminadas las&hellip;<\/p>\n","protected":false},"author":2,"featured_media":41735,"comment_status":"closed","ping_status":"open","sticky":false,"template":"","format":"standard","meta":{"_lmt_disableupdate":"","_lmt_disable":"","_jetpack_memberships_contains_paid_content":false,"footnotes":""},"categories":[456,109,48],"tags":[1353],"class_list":["post-42581","post","type-post","status-publish","format-standard","has-post-thumbnail","hentry","category-columna","category-minuto-a-minuto","category-zona-critica","tag-opinion-zona-critica"],"jetpack_featured_media_url":"https:\/\/zonaroja.com.mx\/wp-content\/uploads\/2022\/05\/Opinion-Ismael-Garcia-M.jpg","jetpack_sharing_enabled":true,"_links":{"self":[{"href":"https:\/\/zonaroja.com.mx\/index.php?rest_route=\/wp\/v2\/posts\/42581","targetHints":{"allow":["GET"]}}],"collection":[{"href":"https:\/\/zonaroja.com.mx\/index.php?rest_route=\/wp\/v2\/posts"}],"about":[{"href":"https:\/\/zonaroja.com.mx\/index.php?rest_route=\/wp\/v2\/types\/post"}],"author":[{"embeddable":true,"href":"https:\/\/zonaroja.com.mx\/index.php?rest_route=\/wp\/v2\/users\/2"}],"replies":[{"embeddable":true,"href":"https:\/\/zonaroja.com.mx\/index.php?rest_route=%2Fwp%2Fv2%2Fcomments&post=42581"}],"version-history":[{"count":1,"href":"https:\/\/zonaroja.com.mx\/index.php?rest_route=\/wp\/v2\/posts\/42581\/revisions"}],"predecessor-version":[{"id":42582,"href":"https:\/\/zonaroja.com.mx\/index.php?rest_route=\/wp\/v2\/posts\/42581\/revisions\/42582"}],"wp:featuredmedia":[{"embeddable":true,"href":"https:\/\/zonaroja.com.mx\/index.php?rest_route=\/wp\/v2\/media\/41735"}],"wp:attachment":[{"href":"https:\/\/zonaroja.com.mx\/index.php?rest_route=%2Fwp%2Fv2%2Fmedia&parent=42581"}],"wp:term":[{"taxonomy":"category","embeddable":true,"href":"https:\/\/zonaroja.com.mx\/index.php?rest_route=%2Fwp%2Fv2%2Fcategories&post=42581"},{"taxonomy":"post_tag","embeddable":true,"href":"https:\/\/zonaroja.com.mx\/index.php?rest_route=%2Fwp%2Fv2%2Ftags&post=42581"}],"curies":[{"name":"wp","href":"https:\/\/api.w.org\/{rel}","templated":true}]}}