{"id":42583,"date":"2022-06-20T08:20:11","date_gmt":"2022-06-20T13:20:11","guid":{"rendered":"http:\/\/www.zonaroja.com.mx\/?p=42583"},"modified":"2022-06-20T08:54:06","modified_gmt":"2022-06-20T13:54:06","slug":"suman-diez-crimenes-durante-el-fin-de-semana-en-oaxaca","status":"publish","type":"post","link":"https:\/\/zonaroja.com.mx\/?p=42583","title":{"rendered":"Suman 12 cr\u00edmenes perpetrados durante el fin de semana en Oaxaca"},"content":{"rendered":"\n<p>Redacci\u00f3n\/Zona Roja.<\/p>\n\n\n\n<p>Oaxaca de Ju\u00e1rez, Oax., 20 de junio de 2022.- A 12 ascendi\u00f3 el n\u00famero de personas asesinadas por disparo de armas de fuego durante el fin de semana, principalmente en las regiones Costa y Valles Centrales.<\/p>\n\n\n\n<p>El s\u00e1bado, en la carretera que comunica a Santiago Ixtayutla con Santiago Jamiltepec, confirmaron el hallazgo del cuerpo sin vida de un hombre, identificado como Esteban M. Q., de 48 a\u00f1os de edad.&nbsp;<\/p>\n\n\n\n<p>Presentaba varios impactos de arma de fuego en el cuerpo y presuntamente era un curandero ind\u00edgena.<\/p>\n\n\n\n<p>El mismo d\u00eda, en San Juan Cacahuatepec fueron acribilladas cuatro personas, que ya fueron identificadas por sus familiares como:<\/p>\n\n\n\n<p>D\u00e1maso M. P., de 55 a\u00f1os de edad, presunto asaltante; su esposa Gudelia S. R., de 55 a\u00f1os, y la nieta de ambos, Briana M., de 11 a\u00f1os, as\u00ed como Gabriel Q. R., de 35 a\u00f1os, chofer y escolta asignado por la polic\u00eda municipal de Cacahuatepec.<\/p>\n\n\n\n<p>Tambi\u00e9n el s\u00e1bado en la madrugada, en la colonia Alem\u00e1n de la ciudad de Oaxaca una persona fue ultimada por arma blanca, presuntamente derivado de una ri\u00f1a.<\/p>\n\n\n\n<p>Mientras que en San Pedro Pochutla, otras dos personas fueron muertas a balazos, de las cuales \u00fanicamente una hab\u00eda sido identificada.<\/p>\n\n\n\n<p>La madrugada del domingo en la colonia Santa Elena de Santa Cruz Xoxocotl\u00e1n, fueron asesinados con disparos de arma de fuego de uso exclusivo del Ej\u00e9rcito, dos j\u00f3venes que se trasladaban a bordo de una motocicleta.<\/p>\n\n\n\n<p>En todos estos casos no reportan personas detenidas.<\/p>\n\n\n\n<p>De \u00faltima hora se inform\u00f3 que casi a la media noche de ayer, un individuo asesin\u00f3 a su pareja y a su hija menor de edad, en jurisdicci\u00f3n de San Pedro Mixtepec, en la regi\u00f3n Costa. En esta caso fue detenido el probable feminicida. <\/p>\n","protected":false},"excerpt":{"rendered":"<p>Redacci\u00f3n\/Zona Roja. Oaxaca de Ju\u00e1rez, Oax., 20 de junio de 2022.- A 12 ascendi\u00f3 el&hellip;<\/p>\n","protected":false},"author":2,"featured_media":38093,"comment_status":"closed","ping_status":"open","sticky":false,"template":"","format":"standard","meta":{"_lmt_disableupdate":"","_lmt_disable":"","_jetpack_memberships_contains_paid_content":false,"footnotes":""},"categories":[109,51],"tags":[],"class_list":["post-42583","post","type-post","status-publish","format-standard","has-post-thumbnail","hentry","category-minuto-a-minuto","category-zona-roja"],"jetpack_featured_media_url":"https:\/\/zonaroja.com.mx\/wp-content\/uploads\/2022\/02\/Policia-escena-seguridad-violencia-crimen.jpg","jetpack_sharing_enabled":true,"_links":{"self":[{"href":"https:\/\/zonaroja.com.mx\/index.php?rest_route=\/wp\/v2\/posts\/42583","targetHints":{"allow":["GET"]}}],"collection":[{"href":"https:\/\/zonaroja.com.mx\/index.php?rest_route=\/wp\/v2\/posts"}],"about":[{"href":"https:\/\/zonaroja.com.mx\/index.php?rest_route=\/wp\/v2\/types\/post"}],"author":[{"embeddable":true,"href":"https:\/\/zonaroja.com.mx\/index.php?rest_route=\/wp\/v2\/users\/2"}],"replies":[{"embeddable":true,"href":"https:\/\/zonaroja.com.mx\/index.php?rest_route=%2Fwp%2Fv2%2Fcomments&post=42583"}],"version-history":[{"count":2,"href":"https:\/\/zonaroja.com.mx\/index.php?rest_route=\/wp\/v2\/posts\/42583\/revisions"}],"predecessor-version":[{"id":42585,"href":"https:\/\/zonaroja.com.mx\/index.php?rest_route=\/wp\/v2\/posts\/42583\/revisions\/42585"}],"wp:featuredmedia":[{"embeddable":true,"href":"https:\/\/zonaroja.com.mx\/index.php?rest_route=\/wp\/v2\/media\/38093"}],"wp:attachment":[{"href":"https:\/\/zonaroja.com.mx\/index.php?rest_route=%2Fwp%2Fv2%2Fmedia&parent=42583"}],"wp:term":[{"taxonomy":"category","embeddable":true,"href":"https:\/\/zonaroja.com.mx\/index.php?rest_route=%2Fwp%2Fv2%2Fcategories&post=42583"},{"taxonomy":"post_tag","embeddable":true,"href":"https:\/\/zonaroja.com.mx\/index.php?rest_route=%2Fwp%2Fv2%2Ftags&post=42583"}],"curies":[{"name":"wp","href":"https:\/\/api.w.org\/{rel}","templated":true}]}}