{"id":42589,"date":"2022-06-20T13:33:14","date_gmt":"2022-06-20T18:33:14","guid":{"rendered":"https:\/\/www.zonaroja.com.mx\/?p=42589"},"modified":"2022-06-20T13:33:16","modified_gmt":"2022-06-20T18:33:16","slug":"conflicto-sindical-en-hospital-civil-arriesga-servicios-en-nueva-fase-de-casos-covid","status":"publish","type":"post","link":"https:\/\/zonaroja.com.mx\/?p=42589","title":{"rendered":"Conflicto sindical en Hospital Civil arriesga servicios, en nueva fase de casos Covid"},"content":{"rendered":"\n<p>Yuridiana Sosa\/Zona Roja.<\/p>\n\n\n\n<p>Oaxaca de Ju\u00e1rez, Oax., 20 de junio de 2022.- A una semana de iniciada la jornada de lucha por un grupo de trabajadores del Hospital Civil \u201cDr. Aurelio Valdivieso\u201d, surge un grupo disidente que&nbsp;este lunes&nbsp;comenz\u00f3 con la \u201ctoma\u201d indefinida de las oficinas de la Subsecci\u00f3n 07 de la Secci\u00f3n 35 del SNTSA, para manifestar su rechazo a la protesta y exigen la convocatoria para el relevo de la dirigencia en el nosocomio.&nbsp;<\/p>\n\n\n\n<p>La protesta que encabeza la l\u00edder de la Subsecci\u00f3n 07, Adriana Ramos, y que desarrollan principalmente camilleros y del \u00e1rea de lavander\u00eda, tiene m\u00e1s fines para beneficios personales que laborales, se\u00f1alaron los inconformes en conferencia de prensa.<\/p>\n\n\n\n<p>Apostados sobre el acceso a la oficina sindical, los tambi\u00e9n integrantes de la Secci\u00f3n 35 del Sindicato Nacional de Trabajadores de Salud expusieron que dicha protesta fue rechazada por la mayor\u00eda de los trabajadores en una asamblea, sin embargo, la l\u00edder sindical decidi\u00f3 por cuenta propia y apoyada por ese reducido grupo iniciar con manifestaciones, las cuales incluyen bloqueos de calles alrededor del nosocomio al norte de la ciudad de Oaxaca.<\/p>\n\n\n\n<p>El paro de camilleros, apunt\u00f3 Marcos G\u00f3mez, ha complicado el traslado de pacientes a diferentes instancias, por lo que los propios trabajadores de las distintas \u00e1reas deben cubrir esa urgencia de la forma que puedan.<\/p>\n\n\n\n<figure class=\"wp-block-embed\"><div class=\"wp-block-embed__wrapper\">\n<div class=\"twitter-tweet\"><blockquote class=\"twitter-tweet\" data-lang=\"es\"><p lang=\"es\" dir=\"ltr\"><a href=\"https:\/\/twitter.com\/hashtag\/ENVIVO?src=hash&amp;ref_src=twsrc%5Etfw\">#ENVIVO<\/a> <br>Oaxaca de Ju\u00e1rez, Oax., 20 de junio de 2022.- Surge disidencia de trabajadores del Hospital Civil de Oaxaca, que \u201ctoman\u201d oficinas de la Subsecci\u00f3n 07 y exigen la renuncia de dirigentes; est\u00e1n contra el paro de labores.<br>\ud83d\udc47 Aqu\u00ed la transmisi\u00f3n:<a href=\"https:\/\/t.co\/QaE7XyLKo1\">https:\/\/t.co\/QaE7XyLKo1<\/a> <a href=\"https:\/\/t.co\/pPAhsu1AI6\">pic.twitter.com\/pPAhsu1AI6<\/a><\/p>&mdash; Zona Roja Oaxaca (@ZonaRoja_Oaxaca) <a href=\"https:\/\/twitter.com\/ZonaRoja_Oaxaca\/status\/1538921458738421760?ref_src=twsrc%5Etfw\">20 de junio de 2022<\/a><\/blockquote><\/div>\n<\/div><\/figure>\n\n\n\n<p>M\u00e1s de 200 trabajadores disidentes con la dirigencia solicitaron la intervenci\u00f3n del secretario General de la Secci\u00f3n 35 del SNTSA, Mar\u00eda F\u00e9lix Pacheco, para que emita la convocatoria de renovaci\u00f3n de la dirigencia en el nosocomio, pues la actual ya cumpli\u00f3 m\u00e1s de cinco a\u00f1os a pesar que el periodo es de tres a\u00f1os.<\/p>\n\n\n\n<p>La actual dirigencia, agregaron, solo ha causado divisiones en la plantilla laboral, por lo que urge el relevo.<\/p>\n\n\n\n<p>Pero ante la nula atenci\u00f3n de F\u00e9lix Pacheco dieron paso a la \u201ctoma\u201d indefinida de las oficinas sindicales, pues el paro de unos trabajadores afecta al funcionamiento \u00f3ptimo del hospital en el inicio del incremento de casos covid.<\/p>\n\n\n\n<p>Aclararon que el resto de los trabajadores en desacuerdo con la manifestaci\u00f3n liderada por Adriana Ramos siguen sus labores de forma normal en las distintas \u00e1reas, adem\u00e1s, que su posicionamiento no est\u00e1 relacionado a defender a ning\u00fan directivo, ni funcionario.  <\/p>\n\n\n\n<p>Mientras tanto, un grupo de sindicalizados reanud\u00f3 este lunes los bloqueos a calles aleda\u00f1as al Hospital Civil, al argumentar que la titular de los Servicios de Salud, Virginia S\u00e1nchez, no los atiende. <\/p>\n\n\n\n<figure class=\"wp-block-embed\"><div class=\"wp-block-embed__wrapper\">\n<div class=\"twitter-tweet\"><blockquote class=\"twitter-tweet\" data-lang=\"es\"><p lang=\"es\" dir=\"ltr\"><a href=\"https:\/\/twitter.com\/hashtag\/ENVIVO?src=hash&amp;ref_src=twsrc%5Etfw\">#ENVIVO<\/a> <br>Oaxaca de Ju\u00e1rez, Oax., 20 de junio de 2022.- Surge disidencia de trabajadores del Hospital Civil de Oaxaca, que \u201ctoman\u201d oficinas de la Subsecci\u00f3n 07 y exigen la renuncia de dirigentes; est\u00e1n contra el paro de labores.<br>Aqu\u00ed la transmisi\u00f3n:<br>\ud83d\udc47<a href=\"https:\/\/t.co\/uITvR96pW8\">https:\/\/t.co\/uITvR96pW8<\/a> <a href=\"https:\/\/t.co\/PZANOX06bL\">pic.twitter.com\/PZANOX06bL<\/a><\/p>&mdash; Zona Roja Oaxaca (@ZonaRoja_Oaxaca) <a href=\"https:\/\/twitter.com\/ZonaRoja_Oaxaca\/status\/1538924089326194688?ref_src=twsrc%5Etfw\">20 de junio de 2022<\/a><\/blockquote><\/div>\n<\/div><\/figure>\n","protected":false},"excerpt":{"rendered":"<p>Yuridiana Sosa\/Zona Roja. Oaxaca de Ju\u00e1rez, Oax., 20 de junio de 2022.- A una semana&hellip;<\/p>\n","protected":false},"author":2,"featured_media":42588,"comment_status":"closed","ping_status":"open","sticky":false,"template":"","format":"standard","meta":{"_lmt_disableupdate":"","_lmt_disable":"","_jetpack_memberships_contains_paid_content":false,"footnotes":""},"categories":[109,47],"tags":[],"class_list":["post-42589","post","type-post","status-publish","format-standard","has-post-thumbnail","hentry","category-minuto-a-minuto","category-zona-gris"],"jetpack_featured_media_url":"https:\/\/zonaroja.com.mx\/wp-content\/uploads\/2022\/06\/eddea32f-41dc-4443-a315-312077122690.jpg","jetpack_sharing_enabled":true,"_links":{"self":[{"href":"https:\/\/zonaroja.com.mx\/index.php?rest_route=\/wp\/v2\/posts\/42589","targetHints":{"allow":["GET"]}}],"collection":[{"href":"https:\/\/zonaroja.com.mx\/index.php?rest_route=\/wp\/v2\/posts"}],"about":[{"href":"https:\/\/zonaroja.com.mx\/index.php?rest_route=\/wp\/v2\/types\/post"}],"author":[{"embeddable":true,"href":"https:\/\/zonaroja.com.mx\/index.php?rest_route=\/wp\/v2\/users\/2"}],"replies":[{"embeddable":true,"href":"https:\/\/zonaroja.com.mx\/index.php?rest_route=%2Fwp%2Fv2%2Fcomments&post=42589"}],"version-history":[{"count":1,"href":"https:\/\/zonaroja.com.mx\/index.php?rest_route=\/wp\/v2\/posts\/42589\/revisions"}],"predecessor-version":[{"id":42590,"href":"https:\/\/zonaroja.com.mx\/index.php?rest_route=\/wp\/v2\/posts\/42589\/revisions\/42590"}],"wp:featuredmedia":[{"embeddable":true,"href":"https:\/\/zonaroja.com.mx\/index.php?rest_route=\/wp\/v2\/media\/42588"}],"wp:attachment":[{"href":"https:\/\/zonaroja.com.mx\/index.php?rest_route=%2Fwp%2Fv2%2Fmedia&parent=42589"}],"wp:term":[{"taxonomy":"category","embeddable":true,"href":"https:\/\/zonaroja.com.mx\/index.php?rest_route=%2Fwp%2Fv2%2Fcategories&post=42589"},{"taxonomy":"post_tag","embeddable":true,"href":"https:\/\/zonaroja.com.mx\/index.php?rest_route=%2Fwp%2Fv2%2Ftags&post=42589"}],"curies":[{"name":"wp","href":"https:\/\/api.w.org\/{rel}","templated":true}]}}