{"id":4259,"date":"2019-09-24T22:27:17","date_gmt":"2019-09-25T03:27:17","guid":{"rendered":"http:\/\/www.zonaroja.com.mx\/?p=4259"},"modified":"2019-09-24T22:27:21","modified_gmt":"2019-09-25T03:27:21","slug":"piden-a-diputados-no-robar-no-mentir-y-no-enganar-al-pueblo-en-tema-de-aborto","status":"publish","type":"post","link":"https:\/\/zonaroja.com.mx\/?p=4259","title":{"rendered":"Piden a diputados \u201cNo robar, no mentir y no enga\u00f1ar al pueblo\u201d en tema de aborto"},"content":{"rendered":"\n<p>Ismael\nGarc\u00eda M.\/Zona Roja.<\/p>\n\n\n\n<p>Oaxaca de\nJu\u00e1rez, Oax., 24 de septiembre de 2019.- Organismos civiles y representantes de\nexpresiones cat\u00f3licas y evang\u00e9licas pidieron a las y los diputados del Partido\nMorena \u201cNo robar, no mentir y no enga\u00f1ar al pueblo\u201d, con relaci\u00f3n al tema de la\ndespenalizaci\u00f3n del aborto, que prev\u00e9 avalar este mi\u00e9rcoles la 64 Legislatura\nlocal.<\/p>\n\n\n\n<p>Con esa\nfrase de Andr\u00e9s Manuel L\u00f3pez Obrador, actual Presidente de M\u00e9xico, recordaron\nque son la mayor\u00eda, principalmente los grupos religiosos, quienes se pronuncian\npor el s\u00ed a la vida y no a la interrupci\u00f3n del embarazo.<\/p>\n\n\n\n<p>Asimismo,\nrevelaron un documento en que el Secretariado Ejecutivo del Sistema Nacional de\nSeguridad P\u00fablica responde a una solicitud de informaci\u00f3n, con el folio\n22210300045019, en que corroboran que hasta ahora no hay mujeres presas por el\ndelito de aborto, en el lapso de mayo de 2018 a mayo de este a\u00f1o.<\/p>\n\n\n\n<p>En ese\nperiodo reporta cuatro personas del sexo masculino recluidas por el delito de\naborto, pero que habr\u00edan obligado a su pareja a quitar la vida al producto.<\/p>\n\n\n\n<p>Otras entidades del pa\u00eds que s\u00ed tienen mujeres recluidas por abortar son Morelos con dos y Aguascalientes, Ciudad de M\u00e9xico y Veracruz, con uno cada uno.<\/p>\n\n\n\n<figure class=\"wp-block-embed-twitter wp-block-embed is-type-rich is-provider-twitter\"><div class=\"wp-block-embed__wrapper\">\n<div class=\"twitter-tweet\"><blockquote class=\"twitter-tweet\" data-lang=\"es\"><p lang=\"es\" dir=\"ltr\"><a href=\"https:\/\/twitter.com\/hashtag\/ENVIVO?src=hash&amp;ref_src=twsrc%5Etfw\">#ENVIVO<\/a><br>Ciudad de Oaxaca, Oax.<br>Conferencia de prensa de organizaciones civiles y grupos religiosos, donde reiteran su rechazo a la despenalizaci\u00f3n del aborto en Oaxaca.<br>\ud83d\udc47<a href=\"https:\/\/t.co\/HXWDB4WsH7\">https:\/\/t.co\/HXWDB4WsH7<\/a> <a href=\"https:\/\/t.co\/OgCfyiUNlS\">pic.twitter.com\/OgCfyiUNlS<\/a><\/p>&mdash; Zona Roja Oaxaca (@MexRoja) <a href=\"https:\/\/twitter.com\/MexRoja\/status\/1176593590484701203?ref_src=twsrc%5Etfw\">24 de septiembre de 2019<\/a><\/blockquote><\/div>\n<\/div><\/figure>\n\n\n\n<p>\u201cLa funci\u00f3n\ndel gobierno es velar por los derechos de todos, empezando por los mexicanos en\ncondici\u00f3n de vulnerabilidad; si no podemos garantizar la vida, mucho menos\npodremos hacerlo con el resto de los derechos fundamentales\u201d, dijo Paola\nFlores.<\/p>\n\n\n\n<p>\u201cDesde aqu\u00ed\nle decimos a los legisladores que promueven el aborto, no los vamos a votar;\nellas no nos representan, rechazamos toda violencia criminal legal o tolerada,\ncomo el homicidio o feminicidio prenatal legal, como lo hacen en la Ciudad de M\u00e9xico,\no como lo pretenden hacer en Oaxaca\u201d, se\u00f1alaron las convocantes, entre ellas\nEstefan\u00eda Richi, al exigir a la 64 Legislatura analizar y aprobar pol\u00edticas\np\u00fablicas a favor de toda la poblaci\u00f3n.<\/p>\n\n\n\n<p>La\niniciativa a favor del aborto es impulsada por las legisladoras Laura Estrada\nMauro, Roc\u00edo Machuca e Hilda Luis.<\/p>\n","protected":false},"excerpt":{"rendered":"<p>Ismael Garc\u00eda M.\/Zona Roja. Oaxaca de Ju\u00e1rez, Oax., 24 de septiembre de 2019.- Organismos civiles&hellip;<\/p>\n","protected":false},"author":2,"featured_media":4260,"comment_status":"closed","ping_status":"open","sticky":false,"template":"","format":"standard","meta":{"_lmt_disableupdate":"","_lmt_disable":"","_jetpack_memberships_contains_paid_content":false,"footnotes":""},"categories":[109,47],"tags":[762],"class_list":["post-4259","post","type-post","status-publish","format-standard","has-post-thumbnail","hentry","category-minuto-a-minuto","category-zona-gris","tag-rechazan-despenalizar-aborto-en-oaxaca"],"jetpack_featured_media_url":"https:\/\/zonaroja.com.mx\/wp-content\/uploads\/2019\/09\/IMG_1020.jpg","jetpack_sharing_enabled":true,"_links":{"self":[{"href":"https:\/\/zonaroja.com.mx\/index.php?rest_route=\/wp\/v2\/posts\/4259","targetHints":{"allow":["GET"]}}],"collection":[{"href":"https:\/\/zonaroja.com.mx\/index.php?rest_route=\/wp\/v2\/posts"}],"about":[{"href":"https:\/\/zonaroja.com.mx\/index.php?rest_route=\/wp\/v2\/types\/post"}],"author":[{"embeddable":true,"href":"https:\/\/zonaroja.com.mx\/index.php?rest_route=\/wp\/v2\/users\/2"}],"replies":[{"embeddable":true,"href":"https:\/\/zonaroja.com.mx\/index.php?rest_route=%2Fwp%2Fv2%2Fcomments&post=4259"}],"version-history":[{"count":1,"href":"https:\/\/zonaroja.com.mx\/index.php?rest_route=\/wp\/v2\/posts\/4259\/revisions"}],"predecessor-version":[{"id":4261,"href":"https:\/\/zonaroja.com.mx\/index.php?rest_route=\/wp\/v2\/posts\/4259\/revisions\/4261"}],"wp:featuredmedia":[{"embeddable":true,"href":"https:\/\/zonaroja.com.mx\/index.php?rest_route=\/wp\/v2\/media\/4260"}],"wp:attachment":[{"href":"https:\/\/zonaroja.com.mx\/index.php?rest_route=%2Fwp%2Fv2%2Fmedia&parent=4259"}],"wp:term":[{"taxonomy":"category","embeddable":true,"href":"https:\/\/zonaroja.com.mx\/index.php?rest_route=%2Fwp%2Fv2%2Fcategories&post=4259"},{"taxonomy":"post_tag","embeddable":true,"href":"https:\/\/zonaroja.com.mx\/index.php?rest_route=%2Fwp%2Fv2%2Ftags&post=4259"}],"curies":[{"name":"wp","href":"https:\/\/api.w.org\/{rel}","templated":true}]}}