{"id":42600,"date":"2022-06-20T20:33:05","date_gmt":"2022-06-21T01:33:05","guid":{"rendered":"http:\/\/www.zonaroja.com.mx\/?p=42600"},"modified":"2022-06-20T20:33:07","modified_gmt":"2022-06-21T01:33:07","slug":"confirma-amlo-que-hipolito-n-intento-matar-a-lider-transportista-en-oaxaca","status":"publish","type":"post","link":"https:\/\/zonaroja.com.mx\/?p=42600","title":{"rendered":"Confirma AMLO que Hip\u00f3lito \u201cN\u201d intent\u00f3 matar a l\u00edder transportista en Oaxaca"},"content":{"rendered":"\n<p>Redacci\u00f3n\/Zona Roja.<\/p>\n\n\n\n<p>Oaxaca de Ju\u00e1rez, Oax., 20 de junio de 2022.- El Presidente de M\u00e9xico, Andr\u00e9s Manuel L\u00f3pez Obrador, confirm\u00f3 durante su conferencia ma\u00f1anera que la detenci\u00f3n de Hip\u00f3lito \u201cN\u201d, dirigente transportista en Oaxaca, obedeci\u00f3 a su intento de ejecutar a Eduardo Luis Villaseca dentro de una cl\u00ednica en la ciudad de Oaxaca.<\/p>\n\n\n\n<p>Durante su conferencia del pasado 17 de junio, previo a su visita a Oaxaca, apunt\u00f3 que en la Mesa de Seguridad de esa ma\u00f1ana se abordaron asuntos de dicha entidad, en el que sobresali\u00f3 el tema de la disputa entre transportistas, y descartando otros temas cuestionados en \u201cla ma\u00f1anera\u201d.<\/p>\n\n\n\n<p>\u201cHoy tratamos un asunto de Oaxaca, pero de otro tipo, de una persona que fue detenida cuando intent\u00f3 quitarle la vida a un dirigente, creo que de un sindicato, que hab\u00edan atentado contra \u00e9l y estaba en un hospital, y quer\u00edan ir a asesinarlo, herido, y se le detuvo al presunto responsable de este acto en Oaxaca, esto fue ayer\u201d, dijo el mandatario nacional.<\/p>\n\n\n\n<p>Lo expuesto por el presidente de M\u00e9xico descart\u00f3 la versi\u00f3n de Hip\u00f3lito \u201cN\u201d, l\u00edder de la Confederaci\u00f3n Internacional de Trabajadores de Oaxaca (CIT), quien trat\u00f3 de justificar que se encontraba en el lugar para una revisi\u00f3n m\u00e9dica cuando presuntamente lo intentaron atacar y su escolta actu\u00f3, mismos que cuentan con permiso para portar armas.<\/p>\n\n\n\n<p>ANTECEDENTES<\/p>\n\n\n\n<p>El pasado 13 de junio por la noche, Eduardo Luis Villaseca, dirigente de transportistas de la Confederaci\u00f3n Joven fue v\u00edctima de una agresi\u00f3n armada en el Perif\u00e9rico esquina con avenida S\u00edmbolos Patrios de la ciudad de Oaxaca, ante la disputa de un sitio de taxis.<\/p>\n\n\n\n<p>La agresi\u00f3n se la atribuyeron a miembros de la Confederaci\u00f3n Internacional de Trabajadores en Oaxaca (CITO), liderada por Hip\u00f3lito Rojas, de acuerdo a testigos de los hechos.<\/p>\n\n\n\n<p>Tras el hecho, Luis Villaseca fue trasladado a la cl\u00ednica \u201c2002\u201d, ubicada en la calle Emilio Carranza casi esquina con Heroico Colegio Militar, en la colonia Reforma, al norte de la capital, donde arribaron el d\u00eda mi\u00e9rcoles 15, Hip\u00f3lito Rojas y escoltas, para intentar rematar al paciente, pero fue detenido por elementos de la Polic\u00eda Estatal y la polic\u00eda municipal capitalina.<\/p>\n","protected":false},"excerpt":{"rendered":"<p>Redacci\u00f3n\/Zona Roja. Oaxaca de Ju\u00e1rez, Oax., 20 de junio de 2022.- El Presidente de M\u00e9xico,&hellip;<\/p>\n","protected":false},"author":2,"featured_media":42433,"comment_status":"closed","ping_status":"open","sticky":false,"template":"","format":"standard","meta":{"_lmt_disableupdate":"","_lmt_disable":"","_jetpack_memberships_contains_paid_content":false,"footnotes":""},"categories":[109,47],"tags":[3164],"class_list":["post-42600","post","type-post","status-publish","format-standard","has-post-thumbnail","hentry","category-minuto-a-minuto","category-zona-gris","tag-hipolito-rojas"],"jetpack_featured_media_url":"https:\/\/zonaroja.com.mx\/wp-content\/uploads\/2022\/06\/Detencion-Hipolito-Rojas-CIT-clinica-Oaxaca.jpg","jetpack_sharing_enabled":true,"_links":{"self":[{"href":"https:\/\/zonaroja.com.mx\/index.php?rest_route=\/wp\/v2\/posts\/42600","targetHints":{"allow":["GET"]}}],"collection":[{"href":"https:\/\/zonaroja.com.mx\/index.php?rest_route=\/wp\/v2\/posts"}],"about":[{"href":"https:\/\/zonaroja.com.mx\/index.php?rest_route=\/wp\/v2\/types\/post"}],"author":[{"embeddable":true,"href":"https:\/\/zonaroja.com.mx\/index.php?rest_route=\/wp\/v2\/users\/2"}],"replies":[{"embeddable":true,"href":"https:\/\/zonaroja.com.mx\/index.php?rest_route=%2Fwp%2Fv2%2Fcomments&post=42600"}],"version-history":[{"count":1,"href":"https:\/\/zonaroja.com.mx\/index.php?rest_route=\/wp\/v2\/posts\/42600\/revisions"}],"predecessor-version":[{"id":42601,"href":"https:\/\/zonaroja.com.mx\/index.php?rest_route=\/wp\/v2\/posts\/42600\/revisions\/42601"}],"wp:featuredmedia":[{"embeddable":true,"href":"https:\/\/zonaroja.com.mx\/index.php?rest_route=\/wp\/v2\/media\/42433"}],"wp:attachment":[{"href":"https:\/\/zonaroja.com.mx\/index.php?rest_route=%2Fwp%2Fv2%2Fmedia&parent=42600"}],"wp:term":[{"taxonomy":"category","embeddable":true,"href":"https:\/\/zonaroja.com.mx\/index.php?rest_route=%2Fwp%2Fv2%2Fcategories&post=42600"},{"taxonomy":"post_tag","embeddable":true,"href":"https:\/\/zonaroja.com.mx\/index.php?rest_route=%2Fwp%2Fv2%2Ftags&post=42600"}],"curies":[{"name":"wp","href":"https:\/\/api.w.org\/{rel}","templated":true}]}}