{"id":42608,"date":"2022-06-20T22:26:16","date_gmt":"2022-06-21T03:26:16","guid":{"rendered":"http:\/\/www.zonaroja.com.mx\/?p=42608"},"modified":"2022-06-20T22:36:37","modified_gmt":"2022-06-21T03:36:37","slug":"preservacion-del-medio-ambiente-responsabilidad-de-todo-diputada","status":"publish","type":"post","link":"https:\/\/zonaroja.com.mx\/?p=42608","title":{"rendered":"Preservaci\u00f3n del medio ambiente, responsabilidad de todos: diputada"},"content":{"rendered":"\n<p>Redacci\u00f3n\/Zona Roja.<\/p>\n\n\n\n<p>Oaxaca de Ju\u00e1rez,&nbsp;Oax., a&nbsp;20&nbsp;de junio de 2022.&nbsp;Durante su participaci\u00f3n en el \u201cHomenaje a Nuestro Laurel\u201d, convocado por el ayuntamiento de la Ciudad de Oaxaca, la&nbsp;presidenta de la Mesa Directiva de la 65 Legislatura del Congreso del Estado, Mariana Ben\u00edtez Tiburcio, afirm\u00f3 que&nbsp;este encuentro de participaci\u00f3n&nbsp;colectiva&nbsp;se traduce en un compromiso responsable y reflexivo a favor del medio ambiente.<\/p>\n\n\n\n<p>\u201cSer\u00e1n&nbsp;soluciones&nbsp;y acciones concretas&nbsp;las que permitir\u00e1n que&nbsp;todos los sectores de la sociedad&nbsp;en conjunto con autoridades de los tres \u00f3rdenes de&nbsp;gobierno,&nbsp;se involucren&nbsp;en la&nbsp;preservaci\u00f3n&nbsp;y cuidado del medio ambiente, y a su vez&nbsp;promuevan la protecci\u00f3n&nbsp;a&nbsp;antiguos \u00e1rboles a\u00fan vivos,&nbsp;que tienen un significado especial&nbsp;para nuestra Verde Antequera\u201d, expres\u00f3.<\/p>\n\n\n\n<p>En presencia del&nbsp;presidente&nbsp;municipal de Oaxaca de Ju\u00e1rez, Francisco Mart\u00ednez Neri, y su esposa la presidenta del DIF, Bernarda Gonz\u00e1lez Rivas, la diputada local sostuvo que&nbsp;la sociedad oaxaque\u00f1a enfrenta&nbsp;un reto inigualable,&nbsp;para fortalecer entre las nuevas generaciones&nbsp;el&nbsp;respeto pleno por la naturaleza y su entorno.&nbsp;<\/p>\n\n\n\n<p>\u201cEste acto es una invitaci\u00f3n a reflexionar sobre lo que hemos dejado de hacer, lo que nunca hemos hecho, lo que ha faltado y lo que estamos obligados a hacer para&nbsp;cuidar&nbsp;de nuestros \u00e1rboles, de nuestros mares, de nuestros bosques y de nuestros animales. De nuestra madre tierra y al mismo tiempo de nosotros mismos\u201d, resalt\u00f3.<\/p>\n\n\n\n<p>Desde el z\u00f3calo de la ciudad, la&nbsp;presidenta&nbsp;de la Mesa Directiva&nbsp;del Congreso del Estado manifest\u00f3 que todos los encuentros en memoria del&nbsp;laurel,&nbsp;implicar\u00e1n&nbsp;un compromiso para honrar las voces del pasado, que preservaron&nbsp;con profundo respeto&nbsp;al gran protagonista de innumerables historias que refrescaron el coraz\u00f3n de Oaxaca.<\/p>\n\n\n\n<p>\u201cLas voces que hoy se escuchan, son algo m\u00e1s que el merecido homenaje hist\u00f3rico, pues&nbsp;representan la&nbsp;oportunidad de definir un presente y un ma\u00f1ana para Oaxaca; constituyen la fuerza para dialogar con la certeza de que el ser y estar en esta tierra se afianza en nuestros saberes\u201d, enfatiz\u00f3.&nbsp;<\/p>\n\n\n\n<p>Ante&nbsp;la majestuosa arquitectura de la Catedral de Oaxaca&nbsp;como escenario, la legisladora manifest\u00f3 que desde ahora&nbsp;estar\u00e1 abierta la posibilidad de&nbsp;escribir un nuevo cap\u00edtulo para la historia local, con nuevas historias&nbsp;que impulsen&nbsp;un renovado sentido a&nbsp;este espacio p\u00fablico.<\/p>\n\n\n\n<p>\u201cTengo la certeza&nbsp;que&nbsp;desde&nbsp;este epicentro capitalino, permanecer\u00e1n&nbsp;las \u2018Conversaciones Bajo el Laurel\u2019,&nbsp;con&nbsp;palabras y emociones que han de llenar muchas p\u00e1ginas de los libros&nbsp;y&nbsp;perdurar\u00e1n&nbsp;por mucho tiempo en nuestra memoria\u201d,&nbsp;agreg\u00f3.&nbsp;<\/p>\n\n\n\n<p>Cabe destacar&nbsp;que&nbsp;en esta actividad, tambi\u00e9n estuvieron presentes funcionarios de la administraci\u00f3n estatal y municipal,&nbsp;as\u00ed como&nbsp;el&nbsp;Cronista de la&nbsp;Ciudad,Jorge Bueno&nbsp;S\u00e1nchez;&nbsp;adem\u00e1s de&nbsp;promotores culturales,&nbsp;activistas del medio ambiente y destacadas y destacados&nbsp;personajes de la sociedad civil.<\/p>\n","protected":false},"excerpt":{"rendered":"<p>Redacci\u00f3n\/Zona Roja. Oaxaca de Ju\u00e1rez,&nbsp;Oax., a&nbsp;20&nbsp;de junio de 2022.&nbsp;Durante su participaci\u00f3n en el \u201cHomenaje a&hellip;<\/p>\n","protected":false},"author":2,"featured_media":42592,"comment_status":"closed","ping_status":"open","sticky":false,"template":"","format":"standard","meta":{"_lmt_disableupdate":"","_lmt_disable":"","_jetpack_memberships_contains_paid_content":false,"footnotes":""},"categories":[109,46],"tags":[2969],"class_list":["post-42608","post","type-post","status-publish","format-standard","has-post-thumbnail","hentry","category-minuto-a-minuto","category-zona-blanca","tag-mariana-benitez-tiburcio"],"jetpack_featured_media_url":"https:\/\/zonaroja.com.mx\/wp-content\/uploads\/2022\/06\/Mariana-Beninez-homenaje-laurel-y-edl-Martinez-Neri.jpg","jetpack_sharing_enabled":true,"_links":{"self":[{"href":"https:\/\/zonaroja.com.mx\/index.php?rest_route=\/wp\/v2\/posts\/42608","targetHints":{"allow":["GET"]}}],"collection":[{"href":"https:\/\/zonaroja.com.mx\/index.php?rest_route=\/wp\/v2\/posts"}],"about":[{"href":"https:\/\/zonaroja.com.mx\/index.php?rest_route=\/wp\/v2\/types\/post"}],"author":[{"embeddable":true,"href":"https:\/\/zonaroja.com.mx\/index.php?rest_route=\/wp\/v2\/users\/2"}],"replies":[{"embeddable":true,"href":"https:\/\/zonaroja.com.mx\/index.php?rest_route=%2Fwp%2Fv2%2Fcomments&post=42608"}],"version-history":[{"count":2,"href":"https:\/\/zonaroja.com.mx\/index.php?rest_route=\/wp\/v2\/posts\/42608\/revisions"}],"predecessor-version":[{"id":42610,"href":"https:\/\/zonaroja.com.mx\/index.php?rest_route=\/wp\/v2\/posts\/42608\/revisions\/42610"}],"wp:featuredmedia":[{"embeddable":true,"href":"https:\/\/zonaroja.com.mx\/index.php?rest_route=\/wp\/v2\/media\/42592"}],"wp:attachment":[{"href":"https:\/\/zonaroja.com.mx\/index.php?rest_route=%2Fwp%2Fv2%2Fmedia&parent=42608"}],"wp:term":[{"taxonomy":"category","embeddable":true,"href":"https:\/\/zonaroja.com.mx\/index.php?rest_route=%2Fwp%2Fv2%2Fcategories&post=42608"},{"taxonomy":"post_tag","embeddable":true,"href":"https:\/\/zonaroja.com.mx\/index.php?rest_route=%2Fwp%2Fv2%2Ftags&post=42608"}],"curies":[{"name":"wp","href":"https:\/\/api.w.org\/{rel}","templated":true}]}}