{"id":42611,"date":"2022-06-22T11:57:00","date_gmt":"2022-06-22T16:57:00","guid":{"rendered":"http:\/\/www.zonaroja.com.mx\/?p=42611"},"modified":"2022-06-21T06:47:17","modified_gmt":"2022-06-21T11:47:17","slug":"opinion-otro-recordatorio-sobre-la-vivienda","status":"publish","type":"post","link":"https:\/\/zonaroja.com.mx\/?p=42611","title":{"rendered":"Opini\u00f3n. Otro recordatorio sobre la vivienda"},"content":{"rendered":"\n<p>Gibr\u00e1n Ram\u00edrez Reyes*<\/p>\n\n\n\n<p>A ra\u00edz de la pandemia, departamentos que estaban en renta en algunas de las colonias tradicionales de las clases medias de la Ciudad de M\u00e9xico se vaciaron de inquilinos.&nbsp;<\/p>\n\n\n\n<p>Contrario a lo que se podr\u00eda pensar, los due\u00f1os no bajaron los precios para que estos se volvieran a ocupar, sino que prefirieron tenerlos vac\u00edos o encontraron nuevas formas de hacer negocio.&nbsp;<\/p>\n\n\n\n<p>En ese camino, los propietarios de inmuebles en las colonias Condesa, Roma, Del Valle, y otras similares, encontraron la opci\u00f3n de cambiar la modalidad de alquiler, migrando de rentar a inquilinos de largo plazo a plataformas intermediarias como Airbnb.&nbsp;<\/p>\n\n\n\n<p>As\u00ed, rentan algunos d\u00edas del mes o temporadas m\u00e1s largas, pero con mayores precios y m\u00e1s control sobre su propiedad. Si llegan inquilinos que pretendan contratos m\u00e1s largos, entonces han de ajustarse a precios m\u00e1s elevados.<\/p>\n\n\n\n<p>Tambi\u00e9n a ra\u00edz de la pandemia, increment\u00f3 la movilidad de trabajadores que dependen s\u00f3lo de una computadora para realizar sus actividades, causando una migraci\u00f3n (\u00bftemporal?) de estadunidenses y europeos a esas colonias privilegiadas con costos para ellos accesibles.&nbsp;<\/p>\n\n\n\n<p>El resultado es que en no pocos restaurantes y caf\u00e9s de la Roma y Condesa es frecuente que haya mayor\u00edas angloparlantes; una ma\u00f1ana de domingo el parque M\u00e9xico suena primordialmente en ingl\u00e9s y se camina descalzo, la econom\u00eda local ha incrementado sus precios y hay \u2013por ejemplo\u2014 guarder\u00edas tan costosas como la Universidad Iberoamericana, dado que se ha abierto un mercado ventajoso para quienes ganan en euros y d\u00f3lares pero viven ahora en M\u00e9xico y gastan en pesos.&nbsp;<\/p>\n\n\n\n<p>Las colonias c\u00e9ntricas siempre han sido cosmopolitas y plurales, y aun as\u00ed el cambio es muy notorio. Los principales ganadores de esa situaci\u00f3n, como siempre, son quiz\u00e1 solo los due\u00f1os de comercios que, aunque han incrementado sus precios, no han incrementado los salarios de sus trabajadores.&nbsp;<\/p>\n\n\n\n<p>Cuando se antepone su calidad de mercanc\u00eda a la de derecho, la oferta de vivienda genera una nueva din\u00e1mica de desplazamiento. La crisis econ\u00f3mica desplaz\u00f3 a miles de personas a viviendas m\u00e1s baratas, menos c\u00e9ntricas, con menos servicios p\u00fablicos y menor calidad de vida.&nbsp;<\/p>\n\n\n\n<p>Como siempre sucede, la ciudad ha empujado a los pobres hacia las periferias y hace cada vez m\u00e1s inaccesible la vivienda para las personas j\u00f3venes. Otro problema es la desigualdad migratoria.&nbsp;<\/p>\n\n\n\n<p>Mientras es estricto el control que ejercen los Estados Unidos, la migraci\u00f3n de Estados Unidos hacia M\u00e9xico est\u00e1 totalmente descontrolada. Mientras los trabajadores mexicanos necesitan comprar un n\u00famero de seguridad social en el mercado negro para pagar impuestos de los que poco se benefician en los Estados Unidos, los migrantes estadunidenses tributan solamente en sus pa\u00edses de origen, pero se benefician de zonas que concentran el gasto en servicios p\u00fablicos de las alcald\u00edas.&nbsp;<\/p>\n\n\n\n<p>La legislaci\u00f3n sobre arrendamiento de vivienda debe reescribirse considerando estas realidades. Se supone que somos gobernados por la izquierda.&nbsp;<\/p>\n\n\n\n<p>Adem\u00e1s de regular y limitar la multipropiedad de casas y departamentos, deber\u00edan privilegiarse los contratos de largo plazo para mexicanos y residentes permanentes, con topes a los montos.&nbsp;<\/p>\n\n\n\n<p>Las rentas a poblaci\u00f3n extranjera, por su parte, deben implicar tambi\u00e9n impuestos que financien los costosos servicios urbanos de los que gozan.<\/p>\n\n\n\n<p>*Doctor en ciencia pol\u00edtica por la UNAM.<\/p>\n\n\n\n<p>@gibranrr<\/p>\n","protected":false},"excerpt":{"rendered":"<p>Gibr\u00e1n Ram\u00edrez Reyes* A ra\u00edz de la pandemia, departamentos que estaban en renta en algunas&hellip;<\/p>\n","protected":false},"author":2,"featured_media":41734,"comment_status":"closed","ping_status":"open","sticky":false,"template":"","format":"standard","meta":{"_lmt_disableupdate":"","_lmt_disable":"","_jetpack_memberships_contains_paid_content":false,"footnotes":""},"categories":[456,109],"tags":[2489],"class_list":["post-42611","post","type-post","status-publish","format-standard","has-post-thumbnail","hentry","category-columna","category-minuto-a-minuto","tag-gibran-ramirez-reyes"],"jetpack_featured_media_url":"https:\/\/zonaroja.com.mx\/wp-content\/uploads\/2022\/05\/Opinion-Gibran-Ramirez-Reyes.jpg","jetpack_sharing_enabled":true,"_links":{"self":[{"href":"https:\/\/zonaroja.com.mx\/index.php?rest_route=\/wp\/v2\/posts\/42611","targetHints":{"allow":["GET"]}}],"collection":[{"href":"https:\/\/zonaroja.com.mx\/index.php?rest_route=\/wp\/v2\/posts"}],"about":[{"href":"https:\/\/zonaroja.com.mx\/index.php?rest_route=\/wp\/v2\/types\/post"}],"author":[{"embeddable":true,"href":"https:\/\/zonaroja.com.mx\/index.php?rest_route=\/wp\/v2\/users\/2"}],"replies":[{"embeddable":true,"href":"https:\/\/zonaroja.com.mx\/index.php?rest_route=%2Fwp%2Fv2%2Fcomments&post=42611"}],"version-history":[{"count":1,"href":"https:\/\/zonaroja.com.mx\/index.php?rest_route=\/wp\/v2\/posts\/42611\/revisions"}],"predecessor-version":[{"id":42612,"href":"https:\/\/zonaroja.com.mx\/index.php?rest_route=\/wp\/v2\/posts\/42611\/revisions\/42612"}],"wp:featuredmedia":[{"embeddable":true,"href":"https:\/\/zonaroja.com.mx\/index.php?rest_route=\/wp\/v2\/media\/41734"}],"wp:attachment":[{"href":"https:\/\/zonaroja.com.mx\/index.php?rest_route=%2Fwp%2Fv2%2Fmedia&parent=42611"}],"wp:term":[{"taxonomy":"category","embeddable":true,"href":"https:\/\/zonaroja.com.mx\/index.php?rest_route=%2Fwp%2Fv2%2Fcategories&post=42611"},{"taxonomy":"post_tag","embeddable":true,"href":"https:\/\/zonaroja.com.mx\/index.php?rest_route=%2Fwp%2Fv2%2Ftags&post=42611"}],"curies":[{"name":"wp","href":"https:\/\/api.w.org\/{rel}","templated":true}]}}