{"id":42613,"date":"2022-06-21T06:50:27","date_gmt":"2022-06-21T11:50:27","guid":{"rendered":"http:\/\/www.zonaroja.com.mx\/?p=42613"},"modified":"2022-06-21T06:50:28","modified_gmt":"2022-06-21T11:50:28","slug":"suman-esfuerzos-poder-judicial-de-oaxaca-y-prestigiadas-instituciones","status":"publish","type":"post","link":"https:\/\/zonaroja.com.mx\/?p=42613","title":{"rendered":"Suman esfuerzos Poder Judicial de Oaxaca y prestigiadas instituciones"},"content":{"rendered":"\n<p>Redacci\u00f3n\/Zona Roja.<\/p>\n\n\n\n<p>Oaxaca de Ju\u00e1rez, Oax., 21 de junio de 2022.-&nbsp;En las alianzas estrat\u00e9gicas&nbsp;del Poder Judicial del Estado&nbsp;conprestigiadas&nbsp;instituciones,&nbsp;que fortalezcan&nbsp;la&nbsp;profesionalizaci\u00f3n&nbsp;del personal&nbsp;as\u00ed como la cultura jur\u00eddica, el magistrado presidente Eduardo Pinacho S\u00e1nchez firm\u00f3&nbsp;convenios generales de colaboraci\u00f3n acad\u00e9mica con&nbsp;la Comisi\u00f3n Nacional de Tribunales Superiores de Justicia de los Estados Unidos&nbsp;Mexicanos&nbsp;(Conatrib); la Escuela Libre de Derecho y el Instituto Nacional de Estudios Superiores en Derecho Penal&nbsp;(INDEPAC).<\/p>\n\n\n\n<p>El objetivo es establecer las bases para la realizaci\u00f3n de actividades conjuntas encaminadas a la superaci\u00f3n acad\u00e9mica, la formaci\u00f3n y capacitaci\u00f3n profesional,&nbsp;entre ellas la&nbsp;maestr\u00eda en Derecho Judicial&nbsp;que se impartir\u00e1 con&nbsp;una de las universidades m\u00e1s antiguas del mundo, la de Perugia, Italia;&nbsp;la divulgaci\u00f3n del conocimiento en las distintas ramas&nbsp;del Derecho y sus ciencias auxiliares, as\u00ed como todas aquellas \u00e1reas&nbsp;de coincidencia.&nbsp;<\/p>\n\n\n\n<p>En&nbsp;el auditorio del Tribunal Superior de Justicia, en Ciudad Judicial, el magistrado presidente del Poder Judicial de la Ciudad de M\u00e9xico y de la&nbsp;Conatrib, doctor Rafael Guerra \u00c1lvarez; el doctor Mario Ignacio \u00c1lvarez Ledesma, en representaci\u00f3n del rector de la Escuela Libre de Derecho, licenciado Ricardo Antonio Silva D\u00edaz y el representante legal del INDEPAC, Jos\u00e9 Luis Salazar Ayala, formalizaron los convenios&nbsp;generales de colaboraci\u00f3n acad\u00e9mica con el magistrado Pinacho S\u00e1nchez.&nbsp;<\/p>\n\n\n\n<p>En su intervenci\u00f3n,&nbsp;el magistrado presidente del Poder Judicial de la Ciudad de M\u00e9xico y de la&nbsp;Conatrib, luego de se\u00f1alar que Benito Ju\u00e1rez fue uno de los principales art\u00edfices para construir el sistema de justicia mexicano, celebr\u00f3 esta alianza que contribuye a la profesionalizaci\u00f3n con la colaboraci\u00f3n de una de las casas&nbsp;de prestigio internacional&nbsp;como es la Universidad de Perugia, Italia.<\/p>\n\n\n\n<p>Por su parte, el titular del Poder Judicial del Estado&nbsp;puntualiz\u00f3 que la idea es sumar esfuerzos, recursos y buenas pr\u00e1cticas&nbsp;en&nbsp;una alianza estrat\u00e9gica que pretende la divulgaci\u00f3n del conocimiento jur\u00eddico, la formaci\u00f3n y profesionalizaci\u00f3n de operadores con el objetivo principal de producir juristas con una depurada t\u00e9cnica jur\u00eddica,&nbsp;como una de las condiciones indispensables para la actuaci\u00f3n de un juez profesional, eficiente, culto y moderno.<\/p>\n\n\n\n<p>Ante la&nbsp;presidenta de la Mesa Directiva del Congreso local,&nbsp;diputada&nbsp;Mariana Ben\u00edtez Tiburcio&nbsp;y la presidenta de la Comisi\u00f3n&nbsp;de Administraci\u00f3n y Procuraci\u00f3n de Justicia,&nbsp;diputada&nbsp;Lizett&nbsp;ArroyoRodr\u00edguez,&nbsp;destac\u00f3&nbsp;que el prop\u00f3sito es formar operadores jurisdiccionales con el potencial y capacidades que les permitan asumir nuevos roles, funciones y competencias en el escenario de un nuevo Poder Judicial, m\u00e1s din\u00e1mico y comprometido en la construcci\u00f3n de un sistema de justicia m\u00e1s eficiente, m\u00e1s profesional y m\u00e1s humano como Oaxaca lo merece.<\/p>\n","protected":false},"excerpt":{"rendered":"<p>Redacci\u00f3n\/Zona Roja. Oaxaca de Ju\u00e1rez, Oax., 21 de junio de 2022.-&nbsp;En las alianzas estrat\u00e9gicas&nbsp;del Poder&hellip;<\/p>\n","protected":false},"author":2,"featured_media":42604,"comment_status":"closed","ping_status":"open","sticky":false,"template":"","format":"standard","meta":{"_lmt_disableupdate":"","_lmt_disable":"","_jetpack_memberships_contains_paid_content":false,"footnotes":""},"categories":[109,46],"tags":[223],"class_list":["post-42613","post","type-post","status-publish","format-standard","has-post-thumbnail","hentry","category-minuto-a-minuto","category-zona-blanca","tag-poder-judicial-de-oaxaca"],"jetpack_featured_media_url":"https:\/\/zonaroja.com.mx\/wp-content\/uploads\/2022\/06\/Poder-Judicial-convenio-universidad-Italia.jpg","jetpack_sharing_enabled":true,"_links":{"self":[{"href":"https:\/\/zonaroja.com.mx\/index.php?rest_route=\/wp\/v2\/posts\/42613","targetHints":{"allow":["GET"]}}],"collection":[{"href":"https:\/\/zonaroja.com.mx\/index.php?rest_route=\/wp\/v2\/posts"}],"about":[{"href":"https:\/\/zonaroja.com.mx\/index.php?rest_route=\/wp\/v2\/types\/post"}],"author":[{"embeddable":true,"href":"https:\/\/zonaroja.com.mx\/index.php?rest_route=\/wp\/v2\/users\/2"}],"replies":[{"embeddable":true,"href":"https:\/\/zonaroja.com.mx\/index.php?rest_route=%2Fwp%2Fv2%2Fcomments&post=42613"}],"version-history":[{"count":1,"href":"https:\/\/zonaroja.com.mx\/index.php?rest_route=\/wp\/v2\/posts\/42613\/revisions"}],"predecessor-version":[{"id":42614,"href":"https:\/\/zonaroja.com.mx\/index.php?rest_route=\/wp\/v2\/posts\/42613\/revisions\/42614"}],"wp:featuredmedia":[{"embeddable":true,"href":"https:\/\/zonaroja.com.mx\/index.php?rest_route=\/wp\/v2\/media\/42604"}],"wp:attachment":[{"href":"https:\/\/zonaroja.com.mx\/index.php?rest_route=%2Fwp%2Fv2%2Fmedia&parent=42613"}],"wp:term":[{"taxonomy":"category","embeddable":true,"href":"https:\/\/zonaroja.com.mx\/index.php?rest_route=%2Fwp%2Fv2%2Fcategories&post=42613"},{"taxonomy":"post_tag","embeddable":true,"href":"https:\/\/zonaroja.com.mx\/index.php?rest_route=%2Fwp%2Fv2%2Ftags&post=42613"}],"curies":[{"name":"wp","href":"https:\/\/api.w.org\/{rel}","templated":true}]}}