{"id":42615,"date":"2022-06-21T10:50:00","date_gmt":"2022-06-21T15:50:00","guid":{"rendered":"http:\/\/www.zonaroja.com.mx\/?p=42615"},"modified":"2022-06-21T06:53:32","modified_gmt":"2022-06-21T11:53:32","slug":"opinion-el-ayuntamiento-no-puede","status":"publish","type":"post","link":"https:\/\/zonaroja.com.mx\/?p=42615","title":{"rendered":"Opini\u00f3n. El ayuntamiento no puede"},"content":{"rendered":"\n<p>N\u00e9stor Y. S\u00e1nchez Islas<\/p>\n\n\n\n<p>La ciudad de Oaxaca atraviesa fuerte crisis, pocas veces su estado de abandono hab\u00eda llegado a la situaci\u00f3n en que se encuentra.<\/p>\n\n\n\n<p>Es lamentable el estado de las calles, no solo&nbsp;son&nbsp;las de la periferia que llevan a\u00f1os sin mantenimiento, sino del mismo centro y la zona norte. El poco mobiliario urbano que sobrevive est\u00e1 destartalado o derribado por conductores ebrios.<\/p>\n\n\n\n<p>Los parques de la ciudad son el refugio de los ambulantes, agrupaciones a las que debe tener especial simpat\u00eda el edil capitalino porque gustosamente las tolera. El Llano est\u00e1 totalmente invadido, al igual que la calle de Garc\u00eda Vigil y otras de la colonia Reforma<\/p>\n\n\n\n<p>Las fuentes, los parques y jardines son los testigos de la falta de inter\u00e9s que cada gobierno siente por ellos. Antes de que cayeran los enormes laureles del&nbsp;Z\u00f3calo y la&nbsp;Alameda murieron cientos de palmeras abandonadas. Solo quedan los troncos de muchas de ellas para recordar la indolencia oficial.<\/p>\n\n\n\n<p>Oaxaca es una ciudad sin&nbsp;ley,&nbsp;no tiene manera de aplicar sus propios reglamentos a los antros, bares, salones de fiesta y terrazas que proliferan por la ciudad, mucho menos regular su propio uso de suelo, otorgar una vigilancia apropiada y algo indispensable en estos tiempos: la digitalizaci\u00f3n de&nbsp;sus servicios, entre otros muchos pendientes.<\/p>\n\n\n\n<p>El conjunto de problemas&nbsp;son el resultado de malos gobiernos que se han sucedido unos a otros y que no han querido hacerles&nbsp;frente y asumir&nbsp;la&nbsp;responsabilidad&nbsp;a cabalidad&nbsp;porque el puesto de&nbsp;presidente&nbsp;Municipal&nbsp;lo usan&nbsp;como un trampol\u00edn&nbsp;en b\u00fasqueda de otro hueso, ya sea&nbsp;una diputaci\u00f3n, senadur\u00eda o hasta el sue\u00f1o guajiro de&nbsp;querer&nbsp;ser gobernador.&nbsp;La presidencia municipal deber\u00eda ser un fin y no solo un medio.<\/p>\n\n\n\n<p>La instancia municipal, como primer nivel de gobierno, es la que interact\u00faa directamente con la gente, la que atiende y resuelve muchos problemas, por&nbsp;ello, la incapacidad de la autoridad para cumplir con sus obligaciones&nbsp;molesta&nbsp;y afecta&nbsp;tanto a sus habitantes.<\/p>\n\n\n\n<p>Pensando primero en su&nbsp;propio&nbsp;futuro pol\u00edtico, nadie de los que ha ocupado la silla municipal ha querido enfrentar con seriedad el principal problema: la falta y distribuci\u00f3n eficiente de los escasos recursos. Todos han&nbsp;administrado el problema y han&nbsp;preferido nadar&nbsp;de muertito.<\/p>\n\n\n\n<p>\u00bfA qui\u00e9n sirve el municipio? \u00bfA sus habitantes o a sus empleados?<\/p>\n\n\n\n<p>El 90% del presupuesto municipal se destina a gasto corriente, es decir, a las erogaciones que se destinan al pago de remuneraciones y servicios al personal, as\u00ed como a cubrir otros gastos administrativos. En buen espa\u00f1ol, el ayuntamiento se gasta casi todo en sueldos, pensiones, prestaciones y apoyos a su personal y solo un rid\u00edculo 10% destina al mantenimiento de la ciudad capital. Sus 2 mil empleados&nbsp;y pensionados&nbsp;contra los 270 mil habitantes capitalinos.&nbsp;En servicios personales, que incluye sueldos, sobresueldos y gastos de representaci\u00f3n se va el 72% del dinero. A la ciudad le quedan apenas unos 150 millones al a\u00f1o de los 1500 ejercidos.<\/p>\n\n\n\n<p>Es un caso&nbsp;similar&nbsp;al de la UABJO, que no est\u00e1 al servicio de la academia&nbsp;y&nbsp;sus alumnos&nbsp;sino de sus m\u00faltiples sindicatos que, al igual, se quedan con m\u00e1s del 95% del presupuesto anual.<\/p>\n\n\n\n<p>Corregir un problema&nbsp;de esta magnitud&nbsp;no es tarea f\u00e1cil ni r\u00e1pida. Han sido a\u00f1os de descomposici\u00f3n&nbsp;en que los ediles han preferido doblar a la ciudad que afectar a&nbsp;sus&nbsp;sindicatos&nbsp;porque siempre han tenido en mente que primero debe estar su futuro personal que&nbsp;el buen destino de la capital por la que suplicaron el voto.<\/p>\n\n\n\n<p>Seguramente la correcci\u00f3n paulatina de tal desequilibrio deba incluir&nbsp;negociaciones que involucren al&nbsp;Congreso, al ejecutivo&nbsp;y al propio cabildo para que se legisle y se ponga un tope a las prebendas de que gozan.&nbsp;La obligaci\u00f3n primaria y constitucional de los gobiernos municipales es atender a su poblaci\u00f3n y, por l\u00f3gica, la mayor parte del presupuesto debe destinarse a obras, mantenimiento, seguridad y otras muchas necesidades de nuestra gran capital.<\/p>\n\n\n\n<p>Necesitamos&nbsp;en la presidencia municipal y en otras instituciones aut\u00e9nticos l\u00edderes que est\u00e9n dispuestos a jug\u00e1rsela por su ciudad, como lo hicieron a\u00f1os atr\u00e1s quienes construyeron el legado que hoy tenemos. Solo para recordarles que apenas hace 50 a\u00f1os, el municipio casi no ten\u00eda&nbsp;dinero&nbsp;y, sin embargo, hizo mucho m\u00e1s que estos \u00faltimos gobiernos en que les han entregado cuantiosos recursos.<\/p>\n\n\n\n<p>La prioridad del gobierno municipal debe ser la atenci\u00f3n de la ciudad. A partir de ahora deber\u00edan modificarse las condiciones de trabajo&nbsp;para que en los pr\u00f3ximos a\u00f1os vaya quedando un porcentaje mayor del presupuesto para las necesidades del municipio. Es necesario romper el c\u00edrculo vicioso en que, a mayor presupuesto, mayor gasto corriente y poca inversi\u00f3n y obras p\u00fablicas.<\/p>\n\n\n\n<p>Dedicar a Oaxaca solo un 10% del presupuesto&nbsp;es&nbsp;un acto de violencia pol\u00edtica en contra de sus habitantes.&nbsp;Las frivolidades&nbsp;y ocurrencias&nbsp;en medio de la crisis son repudiables.<\/p>\n\n\n\n<p>Twitter @nestoryuri<\/p>\n","protected":false},"excerpt":{"rendered":"<p>N\u00e9stor Y. S\u00e1nchez Islas La ciudad de Oaxaca atraviesa fuerte crisis, pocas veces su estado&hellip;<\/p>\n","protected":false},"author":2,"featured_media":41861,"comment_status":"closed","ping_status":"open","sticky":false,"template":"","format":"standard","meta":{"_lmt_disableupdate":"","_lmt_disable":"","_jetpack_memberships_contains_paid_content":false,"footnotes":""},"categories":[456,109],"tags":[],"class_list":["post-42615","post","type-post","status-publish","format-standard","has-post-thumbnail","hentry","category-columna","category-minuto-a-minuto"],"jetpack_featured_media_url":"https:\/\/zonaroja.com.mx\/wp-content\/uploads\/2022\/05\/Opinion-Nestor-Yuri-Sanchez-Islas.jpg","jetpack_sharing_enabled":true,"_links":{"self":[{"href":"https:\/\/zonaroja.com.mx\/index.php?rest_route=\/wp\/v2\/posts\/42615","targetHints":{"allow":["GET"]}}],"collection":[{"href":"https:\/\/zonaroja.com.mx\/index.php?rest_route=\/wp\/v2\/posts"}],"about":[{"href":"https:\/\/zonaroja.com.mx\/index.php?rest_route=\/wp\/v2\/types\/post"}],"author":[{"embeddable":true,"href":"https:\/\/zonaroja.com.mx\/index.php?rest_route=\/wp\/v2\/users\/2"}],"replies":[{"embeddable":true,"href":"https:\/\/zonaroja.com.mx\/index.php?rest_route=%2Fwp%2Fv2%2Fcomments&post=42615"}],"version-history":[{"count":1,"href":"https:\/\/zonaroja.com.mx\/index.php?rest_route=\/wp\/v2\/posts\/42615\/revisions"}],"predecessor-version":[{"id":42616,"href":"https:\/\/zonaroja.com.mx\/index.php?rest_route=\/wp\/v2\/posts\/42615\/revisions\/42616"}],"wp:featuredmedia":[{"embeddable":true,"href":"https:\/\/zonaroja.com.mx\/index.php?rest_route=\/wp\/v2\/media\/41861"}],"wp:attachment":[{"href":"https:\/\/zonaroja.com.mx\/index.php?rest_route=%2Fwp%2Fv2%2Fmedia&parent=42615"}],"wp:term":[{"taxonomy":"category","embeddable":true,"href":"https:\/\/zonaroja.com.mx\/index.php?rest_route=%2Fwp%2Fv2%2Fcategories&post=42615"},{"taxonomy":"post_tag","embeddable":true,"href":"https:\/\/zonaroja.com.mx\/index.php?rest_route=%2Fwp%2Fv2%2Ftags&post=42615"}],"curies":[{"name":"wp","href":"https:\/\/api.w.org\/{rel}","templated":true}]}}