{"id":42617,"date":"2022-06-21T06:59:59","date_gmt":"2022-06-21T11:59:59","guid":{"rendered":"http:\/\/www.zonaroja.com.mx\/?p=42617"},"modified":"2022-06-21T07:00:00","modified_gmt":"2022-06-21T12:00:00","slug":"registra-oaxaca-2330-menores-de-edad-contagiados-por-covid","status":"publish","type":"post","link":"https:\/\/zonaroja.com.mx\/?p=42617","title":{"rendered":"Registra Oaxaca 2,330 menores de edad contagiados por Covid"},"content":{"rendered":"\n<p>Redacci\u00f3n\/Zona Roja.<\/p>\n\n\n\n<p>Oaxaca de Ju\u00e1rez, Oax., 21 de junio de 2022.- Desde el inicio de la pandemia a la fecha, en Oaxaca se han contagiado dos mil 330 menores de 5 a 11 a\u00f1os de edad en Oaxaca, de los cuales mil 76 corresponden a mujeres y mil 254 a hombres.<\/p>\n\n\n\n<p>De acuerdo con los Servicios de Salud de Oaxaca (SSO), por ello es importante que las mam\u00e1s, pap\u00e1s o tutores, puedan registrar a sus hijas e hijos menores de 5 a 11 a\u00f1os de edad, en el portal: https:\/\/mivacuna.salud.gob.mx para la aplicaci\u00f3n del biol\u00f3gico Pfizer-BioNTech, contra el COVID-19, y protegerlos contra las complicaciones derivadas de esta enfermedad.<\/p>\n\n\n\n<p>En un comunicado, expuso que dentro del portal, deber\u00e1n ingresar la Clave \u00danica de Registro de Poblaci\u00f3n (CURP) del menor, verificar que los datos sean correctos y seleccionar la opci\u00f3n \u201cquiero vacunarme\u201d, elegir la entidad y municipio donde actualmente la persona vive para registrar su centro de vacunaci\u00f3n m\u00e1s cercano, agregar el c\u00f3digo postal, uno o m\u00e1s tel\u00e9fonos y correo electr\u00f3nico, posteriormente dar click en enviar e imprimir el comprobante.<\/p>\n\n\n\n<p>Se\u00f1al\u00f3 que de acuerdo al Sector Salud (SSO, IMSS, ISSSTE, Sedena, Semar), se tiene un censo estimado de 467 mil 475 infantes en el rango antes mencionado en la entidad, por lo que la programaci\u00f3n de la vacuna ser\u00e1 con base a las metas de cada instituci\u00f3n y unidades m\u00e9dicas en cada municipio, por lo que pidi\u00f3 estar atentos a la publicaci\u00f3n de las sedes y horarios de aplicaci\u00f3n, con su registro impreso.<\/p>\n\n\n\n<p>Reconoci\u00f3 la ardua labor del personal de salud conformado por quienes laboran en el \u00e1rea de la medicina y enfermer\u00eda de todas las instituciones del sector Salud por su participaci\u00f3n en la jornada intensiva de vacunaci\u00f3n contra el SARS-CoV-2.<\/p>\n\n\n\n<p>Agreg\u00f3 que es importante seguir aplicando las medidas sanitarias ya establecidas como son: el uso correcto del cubrebocas en espacios p\u00fablicos y cerrados, mantener la sana distancia y el lavado de manos frecuente con agua y jab\u00f3n, de igual forma, se exhorta a los establecimientos, centros comerciales y tiendas de autoservicio, seguir con estas medidas, para evitar contagios y lamentables defunciones, \u201cpues la salud es responsabilidad de todas y todos\u201d, subray\u00f3.<\/p>\n","protected":false},"excerpt":{"rendered":"<p>Redacci\u00f3n\/Zona Roja. Oaxaca de Ju\u00e1rez, Oax., 21 de junio de 2022.- Desde el inicio de&hellip;<\/p>\n","protected":false},"author":2,"featured_media":42602,"comment_status":"closed","ping_status":"open","sticky":false,"template":"","format":"standard","meta":{"_lmt_disableupdate":"","_lmt_disable":"","_jetpack_memberships_contains_paid_content":false,"footnotes":""},"categories":[109,46],"tags":[1005],"class_list":["post-42617","post","type-post","status-publish","format-standard","has-post-thumbnail","hentry","category-minuto-a-minuto","category-zona-blanca","tag-servicios-de-salud-de-oaxaca-sso"],"jetpack_featured_media_url":"https:\/\/zonaroja.com.mx\/wp-content\/uploads\/2022\/06\/Covid-ninos-vacunacion-infantil.jpg","jetpack_sharing_enabled":true,"_links":{"self":[{"href":"https:\/\/zonaroja.com.mx\/index.php?rest_route=\/wp\/v2\/posts\/42617","targetHints":{"allow":["GET"]}}],"collection":[{"href":"https:\/\/zonaroja.com.mx\/index.php?rest_route=\/wp\/v2\/posts"}],"about":[{"href":"https:\/\/zonaroja.com.mx\/index.php?rest_route=\/wp\/v2\/types\/post"}],"author":[{"embeddable":true,"href":"https:\/\/zonaroja.com.mx\/index.php?rest_route=\/wp\/v2\/users\/2"}],"replies":[{"embeddable":true,"href":"https:\/\/zonaroja.com.mx\/index.php?rest_route=%2Fwp%2Fv2%2Fcomments&post=42617"}],"version-history":[{"count":1,"href":"https:\/\/zonaroja.com.mx\/index.php?rest_route=\/wp\/v2\/posts\/42617\/revisions"}],"predecessor-version":[{"id":42618,"href":"https:\/\/zonaroja.com.mx\/index.php?rest_route=\/wp\/v2\/posts\/42617\/revisions\/42618"}],"wp:featuredmedia":[{"embeddable":true,"href":"https:\/\/zonaroja.com.mx\/index.php?rest_route=\/wp\/v2\/media\/42602"}],"wp:attachment":[{"href":"https:\/\/zonaroja.com.mx\/index.php?rest_route=%2Fwp%2Fv2%2Fmedia&parent=42617"}],"wp:term":[{"taxonomy":"category","embeddable":true,"href":"https:\/\/zonaroja.com.mx\/index.php?rest_route=%2Fwp%2Fv2%2Fcategories&post=42617"},{"taxonomy":"post_tag","embeddable":true,"href":"https:\/\/zonaroja.com.mx\/index.php?rest_route=%2Fwp%2Fv2%2Ftags&post=42617"}],"curies":[{"name":"wp","href":"https:\/\/api.w.org\/{rel}","templated":true}]}}