{"id":4262,"date":"2019-09-24T22:31:44","date_gmt":"2019-09-25T03:31:44","guid":{"rendered":"http:\/\/www.zonaroja.com.mx\/?p=4262"},"modified":"2019-09-24T22:31:46","modified_gmt":"2019-09-25T03:31:46","slug":"la-vida-es-mucho-mas-que-dos-brazos-adriana-macias","status":"publish","type":"post","link":"https:\/\/zonaroja.com.mx\/?p=4262","title":{"rendered":"La vida es mucho m\u00e1s que dos brazos: Adriana Mac\u00edas"},"content":{"rendered":"\n<p>Evlin Arag\u00f3n\/Zona Roja.<\/p>\n\n\n\n<p>Fotos: Cortes\u00eda<\/p>\n\n\n\n<p>Oaxaca de\nJu\u00e1rez, Oax., 24 de septiembre de 2019.- \u201cEn la vida vamos a enfrentar\nmuch\u00edsimas cosas, much\u00edsimas adversidades y momentos de cambio, pero si nuestra\ndisposici\u00f3n, entereza, principios y valores no son equivocados, vamos a llegar\na buen puerto\u201d.<\/p>\n\n\n\n<p>Son las\npalabras de Adriana Mac\u00edas, conocida mexicana que naci\u00f3 sin brazos y pese a su\ndiscapacidad cong\u00e9nita, consigui\u00f3 convertirse en abogada, dise\u00f1adora de ropa y\nescritora, todo ello con el apoyo de sus pies que convirti\u00f3 en sus principales\nherramientas para realizar cualquier tipo de actividad.<\/p>\n\n\n\n<p>De forma\nadmirable y con el apoyo de sus pies, lo mismo sostiene el micr\u00f3fono para\nhablar ante los medios de comunicaci\u00f3n, dise\u00f1a sus prendas, escribe, se\nmaquilla o hace tareas como cocinar, limpiar la casa o vestir a su hija de\ncuatro a\u00f1os, a la que describe como el motor de su vida.<\/p>\n\n\n\n<p>\u201cMi historia es de esfuerzo, disciplina, compromiso, dedicaci\u00f3n, porque hoy en d\u00eda he vivido momentos m\u00e1s dif\u00edciles que el hecho de no tener brazos, incluso puedo decir que al final el no tener brazos ha sido un regalo que me ha permitido disfrutar, saborear la vida y valorarla desde otro punto de vista\u201d, asegur\u00f3 en conferencia en la capital oaxaque\u00f1a.<\/p>\n\n\n\n<figure class=\"wp-block-image\"><img decoding=\"async\" width=\"640\" height=\"423\" src=\"http:\/\/www.zonaroja.com.mx\/wp-content\/uploads\/2019\/09\/Image-1-18.png\" alt=\"\" class=\"wp-image-4263\" srcset=\"https:\/\/zonaroja.com.mx\/wp-content\/uploads\/2019\/09\/Image-1-18.png 640w, https:\/\/zonaroja.com.mx\/wp-content\/uploads\/2019\/09\/Image-1-18-300x198.png 300w, https:\/\/zonaroja.com.mx\/wp-content\/uploads\/2019\/09\/Image-1-18-585x387.png 585w, https:\/\/zonaroja.com.mx\/wp-content\/uploads\/2019\/09\/Image-1-18-263x175.png 263w\" sizes=\"(max-width: 640px) 100vw, 640px\" \/><\/figure>\n\n\n\n<p>Adriana\nasegura que, lo que de verdad importa en la vida, es el amor que pongas a cada\nuna de las cosas que hagas, aunque evidente le falte una herramienta esencial\npara realizar cualquier tipo de actividad, asegura que siempre habr\u00e1 otras\nformas de lograr los objetivos.<\/p>\n\n\n\n<p>\u201cEn la vida\nsiempre habr\u00e1 otra manera de cumplir con nuestra misi\u00f3n de servir, siempre y\ncuando estemos enamorados de la vida\u201d, manifiesta segura de que sus palabras\npueden llegar a muchos o\u00eddos.<\/p>\n\n\n\n<p>Segura de\nque en la vida hay que trabajar con el amor, la fe y la espiritualidad que hay\nen cada persona para superar cada uno los retos, Adriana Mac\u00edas se present\u00f3\neste martes, en la capital de Oaxaca, ante miles de j\u00f3venes en el congreso de\nla Fundaci\u00f3n \u201cLo que de verdad importa\u201d, con el objetivo de mostrarles que hay\nmuchas cosas que valorar en la vida y muy pocos impedimentos reales para hacer\ncosas que puedan trascender.&nbsp; <\/p>\n\n\n\n<p>\u201cYo quiero\nser un buen ejemplo, un ejemplo que inspire, dejar algo positivo en las y los\nj\u00f3venes, dejar una mejor sociedad de la que encontramos, eso es lo que de\nverdad me gustar\u00eda conseguir\u201d, concluy\u00f3.<\/p>\n","protected":false},"excerpt":{"rendered":"<p>Evlin Arag\u00f3n\/Zona Roja. Fotos: Cortes\u00eda Oaxaca de Ju\u00e1rez, Oax., 24 de septiembre de 2019.- \u201cEn&hellip;<\/p>\n","protected":false},"author":2,"featured_media":4264,"comment_status":"closed","ping_status":"open","sticky":false,"template":"","format":"standard","meta":{"_lmt_disableupdate":"","_lmt_disable":"","_jetpack_memberships_contains_paid_content":false,"footnotes":""},"categories":[109,46],"tags":[763,757],"class_list":["post-4262","post","type-post","status-publish","format-standard","has-post-thumbnail","hentry","category-minuto-a-minuto","category-zona-blanca","tag-adriana-macias","tag-fundacion-lo-que-de-verdad-importa"],"jetpack_featured_media_url":"https:\/\/zonaroja.com.mx\/wp-content\/uploads\/2019\/09\/Image-1-17.png","jetpack_sharing_enabled":true,"_links":{"self":[{"href":"https:\/\/zonaroja.com.mx\/index.php?rest_route=\/wp\/v2\/posts\/4262","targetHints":{"allow":["GET"]}}],"collection":[{"href":"https:\/\/zonaroja.com.mx\/index.php?rest_route=\/wp\/v2\/posts"}],"about":[{"href":"https:\/\/zonaroja.com.mx\/index.php?rest_route=\/wp\/v2\/types\/post"}],"author":[{"embeddable":true,"href":"https:\/\/zonaroja.com.mx\/index.php?rest_route=\/wp\/v2\/users\/2"}],"replies":[{"embeddable":true,"href":"https:\/\/zonaroja.com.mx\/index.php?rest_route=%2Fwp%2Fv2%2Fcomments&post=4262"}],"version-history":[{"count":1,"href":"https:\/\/zonaroja.com.mx\/index.php?rest_route=\/wp\/v2\/posts\/4262\/revisions"}],"predecessor-version":[{"id":4265,"href":"https:\/\/zonaroja.com.mx\/index.php?rest_route=\/wp\/v2\/posts\/4262\/revisions\/4265"}],"wp:featuredmedia":[{"embeddable":true,"href":"https:\/\/zonaroja.com.mx\/index.php?rest_route=\/wp\/v2\/media\/4264"}],"wp:attachment":[{"href":"https:\/\/zonaroja.com.mx\/index.php?rest_route=%2Fwp%2Fv2%2Fmedia&parent=4262"}],"wp:term":[{"taxonomy":"category","embeddable":true,"href":"https:\/\/zonaroja.com.mx\/index.php?rest_route=%2Fwp%2Fv2%2Fcategories&post=4262"},{"taxonomy":"post_tag","embeddable":true,"href":"https:\/\/zonaroja.com.mx\/index.php?rest_route=%2Fwp%2Fv2%2Ftags&post=4262"}],"curies":[{"name":"wp","href":"https:\/\/api.w.org\/{rel}","templated":true}]}}