{"id":42621,"date":"2022-06-21T07:49:19","date_gmt":"2022-06-21T12:49:19","guid":{"rendered":"http:\/\/www.zonaroja.com.mx\/?p=42621"},"modified":"2022-06-21T07:49:21","modified_gmt":"2022-06-21T12:49:21","slug":"ejecutan-a-individuo-en-jurisdiccion-de-putla-oaxaca","status":"publish","type":"post","link":"https:\/\/zonaroja.com.mx\/?p=42621","title":{"rendered":"Ejecutan a individuo en jurisdicci\u00f3n de Putla, Oaxaca"},"content":{"rendered":"\n<p>Redacci\u00f3n\/Zona Roja.<\/p>\n\n\n\n<p>Oaxaca de Ju\u00e1rez, Oax., 21 de junio de 2022.- Una persona del sexo masculino fue ejecutada a balazos ayer por la tarde en jurisdicci\u00f3n de Putla Villa de Guerrero, en la regi\u00f3n Mixteca de Oaxaca.<\/p>\n\n\n\n<p>La v\u00edctima fue identificada como Severiano L. M., y el cuerpo se hall\u00f3 a un costado de una camioneta, sobre la carretera federal 125 \u201cAlfonso P\u00e9rez Gasga\u201d, a la altura de la agencia municipal de Las Huertas, en jurisdicci\u00f3n de Putla.<\/p>\n\n\n\n<p>Corporaciones policiacas arribaron al lugar y aseguraron la unidad de motor, una camioneta marca Chrysler, tipo Voyager, con placas de circulaci\u00f3n MAX-3317 del Estado de M\u00e9xico.<\/p>\n\n\n\n<p>La Fiscal\u00eda General del Estado de Oaxaca inici\u00f3 las indagatorias correspondientes y hasta el momento no hay personas detenidas por este crimen.<\/p>\n\n\n\n<p>IDENTIFICADOS<\/p>\n\n\n\n<p>Por otra parte, como Esteban Manuel V. S., de 25 a\u00f1os de edad, y Arturo D. A., de 31 a\u00f1os, fueron identificados los j\u00f3venes asesinados a balazos el pasado domingo en Santa Cruz Xoxocotl\u00e1n; hasta el momento no hay personas detenidas.<\/p>\n\n\n\n<p>Mientras que las v\u00edctimas de Isla del Gallo, San Pedro Mixtepec, fueron identificadas como Lucila G. H., de 42 a\u00f1os de edad, y Jimena A. C. M., de 11 a\u00f1os; en tanto, el presunto feminicida respondi\u00f3 al nombre de Heraclio S. M., de 50 a\u00f1os de edad.<\/p>\n\n\n\n<p>El sujeto, en probable estado de ebriedad, dispar\u00f3 en contra de su esposa e hija, la noche del domingo; fue detenido y puesto a disposici\u00f3n de las autoridades ministeriales.<\/p>\n","protected":false},"excerpt":{"rendered":"<p>Redacci\u00f3n\/Zona Roja. Oaxaca de Ju\u00e1rez, Oax., 21 de junio de 2022.- Una persona del sexo&hellip;<\/p>\n","protected":false},"author":2,"featured_media":42622,"comment_status":"closed","ping_status":"open","sticky":false,"template":"","format":"standard","meta":{"_lmt_disableupdate":"","_lmt_disable":"","_jetpack_memberships_contains_paid_content":false,"footnotes":""},"categories":[109,51],"tags":[969],"class_list":["post-42621","post","type-post","status-publish","format-standard","has-post-thumbnail","hentry","category-minuto-a-minuto","category-zona-roja","tag-putla-villa-de-guerrero"],"jetpack_featured_media_url":"https:\/\/zonaroja.com.mx\/wp-content\/uploads\/2022\/06\/Asesinado-Putla-Villa-de-Guerrero.jpg","jetpack_sharing_enabled":true,"_links":{"self":[{"href":"https:\/\/zonaroja.com.mx\/index.php?rest_route=\/wp\/v2\/posts\/42621","targetHints":{"allow":["GET"]}}],"collection":[{"href":"https:\/\/zonaroja.com.mx\/index.php?rest_route=\/wp\/v2\/posts"}],"about":[{"href":"https:\/\/zonaroja.com.mx\/index.php?rest_route=\/wp\/v2\/types\/post"}],"author":[{"embeddable":true,"href":"https:\/\/zonaroja.com.mx\/index.php?rest_route=\/wp\/v2\/users\/2"}],"replies":[{"embeddable":true,"href":"https:\/\/zonaroja.com.mx\/index.php?rest_route=%2Fwp%2Fv2%2Fcomments&post=42621"}],"version-history":[{"count":1,"href":"https:\/\/zonaroja.com.mx\/index.php?rest_route=\/wp\/v2\/posts\/42621\/revisions"}],"predecessor-version":[{"id":42623,"href":"https:\/\/zonaroja.com.mx\/index.php?rest_route=\/wp\/v2\/posts\/42621\/revisions\/42623"}],"wp:featuredmedia":[{"embeddable":true,"href":"https:\/\/zonaroja.com.mx\/index.php?rest_route=\/wp\/v2\/media\/42622"}],"wp:attachment":[{"href":"https:\/\/zonaroja.com.mx\/index.php?rest_route=%2Fwp%2Fv2%2Fmedia&parent=42621"}],"wp:term":[{"taxonomy":"category","embeddable":true,"href":"https:\/\/zonaroja.com.mx\/index.php?rest_route=%2Fwp%2Fv2%2Fcategories&post=42621"},{"taxonomy":"post_tag","embeddable":true,"href":"https:\/\/zonaroja.com.mx\/index.php?rest_route=%2Fwp%2Fv2%2Ftags&post=42621"}],"curies":[{"name":"wp","href":"https:\/\/api.w.org\/{rel}","templated":true}]}}