{"id":42626,"date":"2022-06-21T08:16:29","date_gmt":"2022-06-21T13:16:29","guid":{"rendered":"http:\/\/www.zonaroja.com.mx\/?p=42626"},"modified":"2022-06-21T08:16:30","modified_gmt":"2022-06-21T13:16:30","slug":"crecen-conflictos-en-sector-salud-de-oaxaca","status":"publish","type":"post","link":"https:\/\/zonaroja.com.mx\/?p=42626","title":{"rendered":"Crecen conflictos en sector Salud de Oaxaca"},"content":{"rendered":"\n<p>Redacci\u00f3n\/Zona Roja.<\/p>\n\n\n\n<p>Oaxaca de Ju\u00e1rez, Oax., 21 de junio de 2022.- Los conflictos no cesan en los Servicios de Salud de Oaxaca (SSO) y se extendieron al hospital psiqui\u00e1trico, ubicado en San Bartolo Coyotepec.<\/p>\n\n\n\n<p>Trabajadores sindicalizados \u201ctomaron\u201d la direcci\u00f3n y desconocieron al director Juan Carlos Contreras Santiago; a la jefa de Enfermer\u00eda, Claudia Hern\u00e1ndez Salinas, y al administrador, Juan Antonio Cruz.<\/p>\n\n\n\n<p>Este d\u00eda se instalan en asamblea permanente, es decir en paro de labores, para exigir adem\u00e1s que no desaparezca dicho centro de atenci\u00f3n especializado para pacientes con problemas de salud mental.<\/p>\n\n\n\n<p>Adem\u00e1s, para exigir la renovaci\u00f3n del comit\u00e9 ejecutivo de la subsecci\u00f3n as\u00ed como de la Secci\u00f3n 35 del Sindicato Nacional de Trabajadores de Salud, que encabeza Mario F\u00e9lix Pacheco.<\/p>\n\n\n\n<p>En tanto, este martes contin\u00faa el conflicto en el Hospital Civil \u201cDr. Aurelio Valdivieso\u201d de la ciudad de Oaxaca.<\/p>\n","protected":false},"excerpt":{"rendered":"<p>Redacci\u00f3n\/Zona Roja. Oaxaca de Ju\u00e1rez, Oax., 21 de junio de 2022.- Los conflictos no cesan&hellip;<\/p>\n","protected":false},"author":2,"featured_media":42627,"comment_status":"closed","ping_status":"open","sticky":false,"template":"","format":"standard","meta":{"_lmt_disableupdate":"","_lmt_disable":"","_jetpack_memberships_contains_paid_content":false,"footnotes":""},"categories":[109,47],"tags":[1005],"class_list":["post-42626","post","type-post","status-publish","format-standard","has-post-thumbnail","hentry","category-minuto-a-minuto","category-zona-gris","tag-servicios-de-salud-de-oaxaca-sso"],"jetpack_featured_media_url":"https:\/\/zonaroja.com.mx\/wp-content\/uploads\/2022\/06\/Hospital-psiquiatrico-del-sur-Oaxaca.webp","jetpack_sharing_enabled":true,"_links":{"self":[{"href":"https:\/\/zonaroja.com.mx\/index.php?rest_route=\/wp\/v2\/posts\/42626","targetHints":{"allow":["GET"]}}],"collection":[{"href":"https:\/\/zonaroja.com.mx\/index.php?rest_route=\/wp\/v2\/posts"}],"about":[{"href":"https:\/\/zonaroja.com.mx\/index.php?rest_route=\/wp\/v2\/types\/post"}],"author":[{"embeddable":true,"href":"https:\/\/zonaroja.com.mx\/index.php?rest_route=\/wp\/v2\/users\/2"}],"replies":[{"embeddable":true,"href":"https:\/\/zonaroja.com.mx\/index.php?rest_route=%2Fwp%2Fv2%2Fcomments&post=42626"}],"version-history":[{"count":1,"href":"https:\/\/zonaroja.com.mx\/index.php?rest_route=\/wp\/v2\/posts\/42626\/revisions"}],"predecessor-version":[{"id":42628,"href":"https:\/\/zonaroja.com.mx\/index.php?rest_route=\/wp\/v2\/posts\/42626\/revisions\/42628"}],"wp:featuredmedia":[{"embeddable":true,"href":"https:\/\/zonaroja.com.mx\/index.php?rest_route=\/wp\/v2\/media\/42627"}],"wp:attachment":[{"href":"https:\/\/zonaroja.com.mx\/index.php?rest_route=%2Fwp%2Fv2%2Fmedia&parent=42626"}],"wp:term":[{"taxonomy":"category","embeddable":true,"href":"https:\/\/zonaroja.com.mx\/index.php?rest_route=%2Fwp%2Fv2%2Fcategories&post=42626"},{"taxonomy":"post_tag","embeddable":true,"href":"https:\/\/zonaroja.com.mx\/index.php?rest_route=%2Fwp%2Fv2%2Ftags&post=42626"}],"curies":[{"name":"wp","href":"https:\/\/api.w.org\/{rel}","templated":true}]}}