{"id":42629,"date":"2022-06-21T14:49:16","date_gmt":"2022-06-21T19:49:16","guid":{"rendered":"http:\/\/www.zonaroja.com.mx\/?p=42629"},"modified":"2022-06-21T14:49:18","modified_gmt":"2022-06-21T19:49:18","slug":"caso-huazantlan-detencion-de-dos-es-un-triunfo-pero-falta-dicen-familiares","status":"publish","type":"post","link":"https:\/\/zonaroja.com.mx\/?p=42629","title":{"rendered":"Caso Huazantl\u00e1n: detenci\u00f3n de dos es un triunfo, pero falta, dicen familiares"},"content":{"rendered":"\n<p>Yuridiana Sosa\/Zona Roja.<\/p>\n\n\n\n<p>Oaxaca de Ju\u00e1rez, Oax., 21 de junio de 2022.- Con cruces blancas con cada nombre de las v\u00edctimas, los familiares de las 15 personas masacradas en Huazantl\u00e1n del R\u00edo, San Mateo del Mar, se manifestaron frente a oficinas de la Fiscal\u00eda General de Justicia de Oaxaca, para que la justicia contin\u00fae y se logre la detenci\u00f3n de la totalidad de los involucrados.<\/p>\n\n\n\n<p>De acuerdo con la Fiscal\u00eda, en noviembre de 2021 fue detenida y vinculada a proceso una persona con iniciales F. S. S., como probable participante del multihomicidio; en mientras que en abril de este a\u00f1o fue aprehendido el segundo implicado, G. E. A., o W. E. A., tambi\u00e9n sujeto a proceso judicial.<\/p>\n\n\n\n<p>Durante el mitin de hoy, para conmemorar dos a\u00f1os de los hechos, los manifestantes apuntaron que la detenci\u00f3n de dos personas por la masacre del 21 de junio de 2022 representa un triunfo para el movimiento de familiares en busca de justicia.<\/p>\n\n\n\n<p>Pero agregaron que es necesario que las acciones por parte de las autoridades contin\u00faen hasta lograr la detenci\u00f3n de otras 161 personas involucradas.<\/p>\n\n\n\n<p>As\u00ed tambi\u00e9n destacaron la acci\u00f3n de la Comisi\u00f3n Nacional de los Derechos Humanos (CNDH) en la emisi\u00f3n de una recomendaci\u00f3n para este caso, el cual tuvo como origen un movimiento de mujeres en busca del reconocimiento de sus derechos pol\u00edtico-electorales en dicha comunidad.<\/p>\n\n\n\n<figure class=\"wp-block-embed is-type-rich is-provider-twitter wp-block-embed-twitter\"><div class=\"wp-block-embed__wrapper\">\n<div class=\"twitter-tweet\"><blockquote class=\"twitter-tweet\" data-lang=\"es\"><p lang=\"es\" dir=\"ltr\"><a href=\"https:\/\/twitter.com\/hashtag\/ENVIVO?src=hash&amp;ref_src=twsrc%5Etfw\">#ENVIVO<\/a> <br>Oaxaca de Ju\u00e1rez, Oax., 21 de junio de 2022.- Familiares de v\u00edctimas conmemoran el segundo aniversario de la masacre de 15 personas en Huazantl\u00e1n, San Mateo del Mar, Oaxaca.<br>Siga aqu\u00ed la transmisi\u00f3n:<br>\ud83d\udc47<a href=\"https:\/\/t.co\/vGZ1vcXs9s\">https:\/\/t.co\/vGZ1vcXs9s<\/a> <a href=\"https:\/\/t.co\/IrmjAjB9ur\">pic.twitter.com\/IrmjAjB9ur<\/a><\/p>&mdash; Zona Roja Oaxaca (@ZonaRoja_Oaxaca) <a href=\"https:\/\/twitter.com\/ZonaRoja_Oaxaca\/status\/1539256317877145600?ref_src=twsrc%5Etfw\">21 de junio de 2022<\/a><\/blockquote><\/div>\n<\/div><\/figure>\n\n\n\n<p>CONMEMORAN LOS HECHOS<\/p>\n\n\n\n<p>Los dolientes recordaron parte de los hechos para que las autoridades no olviden la cruel masacre que les arrebat\u00f3 la vida a 13 hombres y dos mujeres.<\/p>\n\n\n\n<p>Aquel 21 de junio alrededor de las 5:00 horas se desarroll\u00f3 el atroz crimen por parte de personas que llegaron con violencia a bordo de camionetas desde diferentes puntos del municipio para confrontar a un grupo de 31 mujeres y hombres que hab\u00edan tomado el edificio de la agencia como parte de una protesta pac\u00edfica.<\/p>\n\n\n\n<p>Los habitantes fueron lapidados y quemados.<\/p>\n\n\n\n<p>\u201cEl grupo paramilitar que realiz\u00f3 estas crueles acciones crey\u00f3 que con esto acaba la resistencia y oposici\u00f3n en San Mateo del Mar. Craso error, lo que lograron fue que esa indignaci\u00f3n que vio el pueblo de Oaxaca contra ind\u00edgenas Ikoots, dar\u00eda paso a una solidaridad fraterna con las v\u00edctimas y sus familias\u201d, se\u00f1alaron los familiares, quienes siguen desplazados en la ciudad de Oaxaca.<\/p>\n\n\n\n<p>En ese contexto de lucha, apuntaron que continuar\u00e1n sus acciones para que no haya impunidad, \u201clucharemos los d\u00edas, meses y a\u00f1os que sea necesario hasta ver a todos los responsables tras las rejas\u201d, expresaron en el mitin.&nbsp;<\/p>\n","protected":false},"excerpt":{"rendered":"<p>Yuridiana Sosa\/Zona Roja. Oaxaca de Ju\u00e1rez, Oax., 21 de junio de 2022.- Con cruces blancas&hellip;<\/p>\n","protected":false},"author":2,"featured_media":42630,"comment_status":"closed","ping_status":"open","sticky":false,"template":"","format":"standard","meta":{"_lmt_disableupdate":"","_lmt_disable":"","_jetpack_memberships_contains_paid_content":false,"footnotes":""},"categories":[109,47],"tags":[1656],"class_list":["post-42629","post","type-post","status-publish","format-standard","has-post-thumbnail","hentry","category-minuto-a-minuto","category-zona-gris","tag-huazantlan-del-rio"],"jetpack_featured_media_url":"https:\/\/zonaroja.com.mx\/wp-content\/uploads\/2022\/06\/Huazantlan-masacre-segundo-aniversario-Fiscalia.jpg","jetpack_sharing_enabled":true,"_links":{"self":[{"href":"https:\/\/zonaroja.com.mx\/index.php?rest_route=\/wp\/v2\/posts\/42629","targetHints":{"allow":["GET"]}}],"collection":[{"href":"https:\/\/zonaroja.com.mx\/index.php?rest_route=\/wp\/v2\/posts"}],"about":[{"href":"https:\/\/zonaroja.com.mx\/index.php?rest_route=\/wp\/v2\/types\/post"}],"author":[{"embeddable":true,"href":"https:\/\/zonaroja.com.mx\/index.php?rest_route=\/wp\/v2\/users\/2"}],"replies":[{"embeddable":true,"href":"https:\/\/zonaroja.com.mx\/index.php?rest_route=%2Fwp%2Fv2%2Fcomments&post=42629"}],"version-history":[{"count":1,"href":"https:\/\/zonaroja.com.mx\/index.php?rest_route=\/wp\/v2\/posts\/42629\/revisions"}],"predecessor-version":[{"id":42631,"href":"https:\/\/zonaroja.com.mx\/index.php?rest_route=\/wp\/v2\/posts\/42629\/revisions\/42631"}],"wp:featuredmedia":[{"embeddable":true,"href":"https:\/\/zonaroja.com.mx\/index.php?rest_route=\/wp\/v2\/media\/42630"}],"wp:attachment":[{"href":"https:\/\/zonaroja.com.mx\/index.php?rest_route=%2Fwp%2Fv2%2Fmedia&parent=42629"}],"wp:term":[{"taxonomy":"category","embeddable":true,"href":"https:\/\/zonaroja.com.mx\/index.php?rest_route=%2Fwp%2Fv2%2Fcategories&post=42629"},{"taxonomy":"post_tag","embeddable":true,"href":"https:\/\/zonaroja.com.mx\/index.php?rest_route=%2Fwp%2Fv2%2Ftags&post=42629"}],"curies":[{"name":"wp","href":"https:\/\/api.w.org\/{rel}","templated":true}]}}