{"id":42634,"date":"2022-06-21T15:01:30","date_gmt":"2022-06-21T20:01:30","guid":{"rendered":"http:\/\/www.zonaroja.com.mx\/?p=42634"},"modified":"2022-06-21T15:01:32","modified_gmt":"2022-06-21T20:01:32","slug":"presentan-en-europa-el-primer-caso-de-feminicidio-de-oaxaca","status":"publish","type":"post","link":"https:\/\/zonaroja.com.mx\/?p=42634","title":{"rendered":"Presentan en Europa el primer caso de feminicidio de Oaxaca"},"content":{"rendered":"\n<p>Redacci\u00f3n\/Zona Roja.<\/p>\n\n\n\n<p>Oaxaca de Ju\u00e1rez, Oax., 21 de junio de 2022.- La defensora Soledad&nbsp;Jarqu\u00edn&nbsp;\u00c9dgar acudi\u00f3 a la sede de&nbsp;la&nbsp;Oficina de la Alta Comisionada para los Derechos Humanos y&nbsp;del Comit\u00e9 para la Eliminaci\u00f3n de la Discriminaci\u00f3n contra las Mujeres (CEDAW, por sus siglas en ingl\u00e9s) para&nbsp;presentar formal denuncia contra el Estado Mexicano por la impunidad en el&nbsp;feminicidio&nbsp;de su hija Mar\u00eda del Sol.<\/p>\n\n\n\n<p>En breve acto, afuera del Palacio Wilson, en Ginebra, Suiza, manifest\u00f3 que frente a la negaci\u00f3n de la justicia y a cuatro a\u00f1os de los hechos ocurridos en Oaxaca, M\u00e9xico, las autoridades mexicanas perpetuaron y garantizaron la impunidad, \u201cpor violar repetidamente el derecho al acceso a la justicia, por investigar de manera parcial y sin perspectiva de g\u00e9nero, por brindar protecci\u00f3n a perpetradores intelectuales y materiales del artero crimen que cost\u00f3 la vida de mi hija y por negar la verdad hist\u00f3rica de lo sucedido el 2 de junio de 2018\u201d.<\/p>\n\n\n\n<p>La defensora y periodista, quien realiza una gira de trabajo para visibilizar los hechos, hizo un recuento de la actuaci\u00f3n de las instituciones del estado de Oaxaca y del gobierno mexicano, el primero encabezado por Alejandro&nbsp;Murat&nbsp;y el segundo por Andr\u00e9s Manuel L\u00f3pez Obrador, quienes por acci\u00f3n u omisi\u00f3n contribuyeron a crear un estado de impunidad y no acceso a la justicia.<\/p>\n\n\n\n<p>\u201cBuscamos que la ONU judicialice y sancione a los responsables de&nbsp;feminicidio&nbsp;de mi hija y abonemos con ello a detener un flagelo que lacera, lastima y tortura a las familias de las v\u00edctimas y a la sociedad mexicana, la impunidad en la que permanece miles de&nbsp;feminicidio&nbsp;en M\u00e9xico\u201d, dijo.&nbsp;<\/p>\n\n\n\n<p>Emilie De Wolf, de Consorcio Oaxaca, puntualiz\u00f3 que se presenta este caso ante CEDAW al ser emblem\u00e1tico de las distintas violencias que sufren las mujeres en Oaxaca, donde se cruza entre otras, violencia pol\u00edtica, investigaciones&nbsp;revictimizantes&nbsp;y mis\u00f3ginas, as\u00ed como represalias por exigir el acceso a la justicia. Enfatiz\u00f3 tambi\u00e9n que la ONU, la m\u00e1xima casa de los derechos humanos, tiene la oportunidad de sentar un precedente que permita frenar el&nbsp;feminicidio&nbsp;y su permisibilidad en M\u00e9xico. &nbsp;&nbsp;<\/p>\n\n\n\n<p>Presenciaron tambi\u00e9n el acto, representantes de organizaciones internacionales como la Organizaci\u00f3n Mundial Contra la Tortura e&nbsp;International&nbsp;Women&#8217;s&nbsp;RightsAction&nbsp;Watch&nbsp;Asia&nbsp;Pacific&nbsp;(IWRAW Asia&nbsp;Pacific).<\/p>\n\n\n\n<p>A su vez, defensoras de derechos humanos de la regi\u00f3n centroamericana que se solidarizaron con Soledad&nbsp;Jarqu\u00edn&nbsp;y su exigencia de justicia.&nbsp;<\/p>\n\n\n\n<p>Luc\u00eda In\u00e9s&nbsp;Xiloj&nbsp;Cuin, destacada abogada de derechos humanos en Guatemala, se\u00f1al\u00f3 que en su pa\u00eds viven una situaci\u00f3n similar y un alto grado de impunidad, enfatiz\u00f3 que&nbsp;\u00fanicamente&nbsp;el 20 % de&nbsp;feminicidios&nbsp;llegan ante el sistema de justicia&nbsp;<\/p>\n\n\n\n<p>A su vez,&nbsp;Dilma&nbsp;Consuelo Soto, ind\u00edgena&nbsp;tolup\u00e1n, defensora del territorio quien expres\u00f3 que se solidariza con la exigencia de justicia de Soledad dado que en su pa\u00eds, Honduras tambi\u00e9n enfrenta una grave situaci\u00f3n de impunidad y que no se cansar\u00e1 de pedir justicia.<\/p>\n\n\n\n<p>Mara&nbsp;Bocaletti, directora de la Plataforma Internacional contra la Impunidad, expres\u00f3 su&nbsp;total respaldo&nbsp;a las demandas de Soledad&nbsp;Jarqu\u00edn&nbsp;y su total repudio a la impunidad que impera en la regi\u00f3n mesoamericana en casos de&nbsp;feminicidio.&nbsp;<\/p>\n\n\n\n<p>Al finalizar el acto, Soledad&nbsp;Jarqu\u00edn&nbsp;Edgar acompa\u00f1ada de Emilie De Wolf de Consorcio Oaxaca se dirigieron a la entrada del Palacio Wilson para hacer formal entrega de su denuncia.&nbsp;<\/p>\n\n\n\n<p>Antes este d\u00eda, Soledad&nbsp;Jarqu\u00edn&nbsp;Edgar particip\u00f3 en el Debate Interactivo&nbsp;con el Relator de Independencia de Jueces y Abogadas\/os de la ONU en el que expres\u00f3 que el&nbsp;femincidio de su hija permanece impune&nbsp;\u201ca causa de la corrupci\u00f3n, encubrimiento, fabricaci\u00f3n de pruebas y colusi\u00f3n de la Fiscal\u00eda y gobierno local.&nbsp;<\/p>\n\n\n\n<p>Las denuncias que he hecho ante las instancias judiciales, se han traducido en ataques en mi contra y de la organizaci\u00f3n que me representa, Consorcio Oaxaca\u201d.<\/p>\n","protected":false},"excerpt":{"rendered":"<p>Redacci\u00f3n\/Zona Roja. Oaxaca de Ju\u00e1rez, Oax., 21 de junio de 2022.- La defensora Soledad&nbsp;Jarqu\u00edn&nbsp;\u00c9dgar acudi\u00f3&hellip;<\/p>\n","protected":false},"author":2,"featured_media":42635,"comment_status":"closed","ping_status":"open","sticky":false,"template":"","format":"standard","meta":{"_lmt_disableupdate":"","_lmt_disable":"","_jetpack_memberships_contains_paid_content":false,"footnotes":""},"categories":[109,46],"tags":[1105],"class_list":["post-42634","post","type-post","status-publish","format-standard","has-post-thumbnail","hentry","category-minuto-a-minuto","category-zona-blanca","tag-soledad-jarquin-edgar"],"jetpack_featured_media_url":"https:\/\/zonaroja.com.mx\/wp-content\/uploads\/2022\/06\/Soledad-Jarquin-gira-Europa-CEDAW.jpg","jetpack_sharing_enabled":true,"_links":{"self":[{"href":"https:\/\/zonaroja.com.mx\/index.php?rest_route=\/wp\/v2\/posts\/42634","targetHints":{"allow":["GET"]}}],"collection":[{"href":"https:\/\/zonaroja.com.mx\/index.php?rest_route=\/wp\/v2\/posts"}],"about":[{"href":"https:\/\/zonaroja.com.mx\/index.php?rest_route=\/wp\/v2\/types\/post"}],"author":[{"embeddable":true,"href":"https:\/\/zonaroja.com.mx\/index.php?rest_route=\/wp\/v2\/users\/2"}],"replies":[{"embeddable":true,"href":"https:\/\/zonaroja.com.mx\/index.php?rest_route=%2Fwp%2Fv2%2Fcomments&post=42634"}],"version-history":[{"count":1,"href":"https:\/\/zonaroja.com.mx\/index.php?rest_route=\/wp\/v2\/posts\/42634\/revisions"}],"predecessor-version":[{"id":42636,"href":"https:\/\/zonaroja.com.mx\/index.php?rest_route=\/wp\/v2\/posts\/42634\/revisions\/42636"}],"wp:featuredmedia":[{"embeddable":true,"href":"https:\/\/zonaroja.com.mx\/index.php?rest_route=\/wp\/v2\/media\/42635"}],"wp:attachment":[{"href":"https:\/\/zonaroja.com.mx\/index.php?rest_route=%2Fwp%2Fv2%2Fmedia&parent=42634"}],"wp:term":[{"taxonomy":"category","embeddable":true,"href":"https:\/\/zonaroja.com.mx\/index.php?rest_route=%2Fwp%2Fv2%2Fcategories&post=42634"},{"taxonomy":"post_tag","embeddable":true,"href":"https:\/\/zonaroja.com.mx\/index.php?rest_route=%2Fwp%2Fv2%2Ftags&post=42634"}],"curies":[{"name":"wp","href":"https:\/\/api.w.org\/{rel}","templated":true}]}}