{"id":42638,"date":"2022-06-21T18:04:39","date_gmt":"2022-06-21T23:04:39","guid":{"rendered":"https:\/\/www.zonaroja.com.mx\/?p=42638"},"modified":"2022-06-21T18:07:43","modified_gmt":"2022-06-21T23:07:43","slug":"asesinan-en-chihuahua-a-dos-sacerdotes-y-desaparecen-sus-cuerpos","status":"publish","type":"post","link":"https:\/\/zonaroja.com.mx\/?p=42638","title":{"rendered":"Asesinan en Chihuahua a dos sacerdotes y desaparecen sus cuerpos"},"content":{"rendered":"\n<p>Redacci\u00f3n\/Zona Roja Cdmx.<\/p>\n\n\n\n<p>Ciudad de M\u00e9xico, 21 de junio de 2022.- Ayer por la tarde, los sacerdotes Javier Campos Morales y Joaqu\u00edn Mora Salazar fueron asesinados, luego de intentar defender a un hombre que era perseguido por sujetos armados y buscaba refugio dentro del templo de la comunidad de Cerocahui, ubicada en el municipio de Urique, en la sierra Tarahumara de Chihuahua.<\/p>\n\n\n\n<p>Ante estos hechos, la Provincia Mexicana de la&nbsp;Compa\u00f1\u00eda de Jes\u00fas&nbsp;conden\u00f3 los hechos y exigi\u00f3 justicia, as\u00ed como la recuperaci\u00f3n de los cuerpos de ambos&nbsp;sacerdotes, que fueron sustra\u00eddos del templo por los agresores.<\/p>\n\n\n\n<p>En un comunicado, pidieron medidas inmediatas para proteger la vida de todos los jesuitas en Cerocahui.\u201cHechos como estos no son aislados. <\/p>\n\n\n\n<p>La sierra Tarahumara, como muchas otras regiones del pa\u00eds, enfrenta condiciones de violencia y olvido que no han sido revertidas. Todos los d\u00edas hombre y mujeres son privados arbitrariamente de la vida como hoy fueron asesinados nuestros hermanos\u201d, se\u00f1ala el comunicado.<\/p>\n\n\n\n<p>Por su parte, el gobierno de Chihuahua conden\u00f3 y lament\u00f3 \u201clos hechos violentos ocurridos en los que dos religiosos se convirtieron en v\u00edctimas circunstanciales\u201d.<\/p>\n\n\n\n<p>Inform\u00f3 que se activaron los mecanismos de coordinaci\u00f3n con la Secretar\u00eda de la Defensa Nacional (Sedena) y la Guardia Nacional para brindar seguridad a los pobladores del lugar y una l\u00ednea especial en el n\u00famero de tel\u00e9fono 911 para personas que tengan familiares en el poblado y necesiten informaci\u00f3n.<\/p>\n\n\n\n<p>(Informaci\u00f3n de \u201cLatinus\u201d)<\/p>\n","protected":false},"excerpt":{"rendered":"<p>Redacci\u00f3n\/Zona Roja Cdmx. Ciudad de M\u00e9xico, 21 de junio de 2022.- Ayer por la tarde,&hellip;<\/p>\n","protected":false},"author":2,"featured_media":42637,"comment_status":"closed","ping_status":"open","sticky":false,"template":"","format":"standard","meta":{"_lmt_disableupdate":"","_lmt_disable":"","_jetpack_memberships_contains_paid_content":false,"footnotes":""},"categories":[109,51],"tags":[],"class_list":["post-42638","post","type-post","status-publish","format-standard","has-post-thumbnail","hentry","category-minuto-a-minuto","category-zona-roja"],"jetpack_featured_media_url":"https:\/\/zonaroja.com.mx\/wp-content\/uploads\/2022\/06\/img_2855.jpg","jetpack_sharing_enabled":true,"_links":{"self":[{"href":"https:\/\/zonaroja.com.mx\/index.php?rest_route=\/wp\/v2\/posts\/42638","targetHints":{"allow":["GET"]}}],"collection":[{"href":"https:\/\/zonaroja.com.mx\/index.php?rest_route=\/wp\/v2\/posts"}],"about":[{"href":"https:\/\/zonaroja.com.mx\/index.php?rest_route=\/wp\/v2\/types\/post"}],"author":[{"embeddable":true,"href":"https:\/\/zonaroja.com.mx\/index.php?rest_route=\/wp\/v2\/users\/2"}],"replies":[{"embeddable":true,"href":"https:\/\/zonaroja.com.mx\/index.php?rest_route=%2Fwp%2Fv2%2Fcomments&post=42638"}],"version-history":[{"count":1,"href":"https:\/\/zonaroja.com.mx\/index.php?rest_route=\/wp\/v2\/posts\/42638\/revisions"}],"predecessor-version":[{"id":42639,"href":"https:\/\/zonaroja.com.mx\/index.php?rest_route=\/wp\/v2\/posts\/42638\/revisions\/42639"}],"wp:featuredmedia":[{"embeddable":true,"href":"https:\/\/zonaroja.com.mx\/index.php?rest_route=\/wp\/v2\/media\/42637"}],"wp:attachment":[{"href":"https:\/\/zonaroja.com.mx\/index.php?rest_route=%2Fwp%2Fv2%2Fmedia&parent=42638"}],"wp:term":[{"taxonomy":"category","embeddable":true,"href":"https:\/\/zonaroja.com.mx\/index.php?rest_route=%2Fwp%2Fv2%2Fcategories&post=42638"},{"taxonomy":"post_tag","embeddable":true,"href":"https:\/\/zonaroja.com.mx\/index.php?rest_route=%2Fwp%2Fv2%2Ftags&post=42638"}],"curies":[{"name":"wp","href":"https:\/\/api.w.org\/{rel}","templated":true}]}}