{"id":42645,"date":"2022-06-22T06:16:33","date_gmt":"2022-06-22T11:16:33","guid":{"rendered":"http:\/\/www.zonaroja.com.mx\/?p=42645"},"modified":"2022-06-22T06:16:35","modified_gmt":"2022-06-22T11:16:35","slug":"inauguran-bomberos-y-secretaria-del-trabajo-semana-de-seguridad-y-salud-2022","status":"publish","type":"post","link":"https:\/\/zonaroja.com.mx\/?p=42645","title":{"rendered":"Inauguran Bomberos y Secretar\u00eda del Trabajo semana de \u201cSeguridad y Salud 2022\u201d"},"content":{"rendered":"\n<p>Redacci\u00f3n\/Zona Roja.<\/p>\n\n\n\n<p>Oaxaca de Ju\u00e1rez, Oax. 22 de junio de 2022.- La Secretar\u00eda de Seguridad P\u00fablica de Oaxaca (SSPO), a trav\u00e9s del Heroico Cuerpo de Bomberos (HCBO)\u00a0 y en coordinaci\u00f3n con la Secretar\u00eda del Trabajo y Previsi\u00f3n Social (STPS), inauguraron la \u201cSemana de Seguridad y Salud enfocado hacia la Cultura de Prevenci\u00f3n en los Centros de Trabajo\u201d.<\/p>\n\n\n\n<p>Dicha semana se lleva a cabo del 21 al 24 de junio del presente en la que se dar\u00e1 a conocer la \u201cDemostraci\u00f3n de Habilidades y Convivencia de las Brigadas Industriales y Empresariales\u201d, misma que tiene como objetivo capacitar al personal de las diferentes empresas para que sepan c\u00f3mo actuar ante una emergencia.<\/p>\n\n\n\n<p>En el marco de la misma, el director del HCBO, Manuel Maza S\u00e1nchez, mencion\u00f3 que el personal de bomberos y param\u00e9dicos, impartir\u00e1n temas en materia de prevenci\u00f3n de incendios, como el manejo de extintores y\/o mangueras; as\u00ed como, en primeros auxilios, desobstrucci\u00f3n de la v\u00eda a\u00e9rea y reanimaci\u00f3n cardio pulmonar, entre otros, los cuales estar\u00e1n dirigidos a brigadistas internos de 18 empresas.<\/p>\n\n\n\n<p>Por lo anterior, la titular de la SSPO Dalia Ba\u00f1os Noyola, reiter\u00f3 que este tipo de acciones se realizan con el objetivo de fomentar ambientes laborales m\u00e1s seguros en los que impere la prevenci\u00f3n, a fin de que la ciudadan\u00eda sepa que hacer y qu\u00e9 no hacer ante una emergencia.<\/p>\n","protected":false},"excerpt":{"rendered":"<p>Redacci\u00f3n\/Zona Roja. Oaxaca de Ju\u00e1rez, Oax. 22 de junio de 2022.- La Secretar\u00eda de Seguridad&hellip;<\/p>\n","protected":false},"author":2,"featured_media":42646,"comment_status":"closed","ping_status":"open","sticky":false,"template":"","format":"standard","meta":{"_lmt_disableupdate":"","_lmt_disable":"","_jetpack_memberships_contains_paid_content":false,"footnotes":""},"categories":[109,46],"tags":[1421],"class_list":["post-42645","post","type-post","status-publish","format-standard","has-post-thumbnail","hentry","category-minuto-a-minuto","category-zona-blanca","tag-secretaria-de-seguridad-publica-de-oaxaca-sspo"],"jetpack_featured_media_url":"https:\/\/zonaroja.com.mx\/wp-content\/uploads\/2022\/06\/Evento-Bomberos-Oaxaca-capacitacion.jpg","jetpack_sharing_enabled":true,"_links":{"self":[{"href":"https:\/\/zonaroja.com.mx\/index.php?rest_route=\/wp\/v2\/posts\/42645","targetHints":{"allow":["GET"]}}],"collection":[{"href":"https:\/\/zonaroja.com.mx\/index.php?rest_route=\/wp\/v2\/posts"}],"about":[{"href":"https:\/\/zonaroja.com.mx\/index.php?rest_route=\/wp\/v2\/types\/post"}],"author":[{"embeddable":true,"href":"https:\/\/zonaroja.com.mx\/index.php?rest_route=\/wp\/v2\/users\/2"}],"replies":[{"embeddable":true,"href":"https:\/\/zonaroja.com.mx\/index.php?rest_route=%2Fwp%2Fv2%2Fcomments&post=42645"}],"version-history":[{"count":1,"href":"https:\/\/zonaroja.com.mx\/index.php?rest_route=\/wp\/v2\/posts\/42645\/revisions"}],"predecessor-version":[{"id":42648,"href":"https:\/\/zonaroja.com.mx\/index.php?rest_route=\/wp\/v2\/posts\/42645\/revisions\/42648"}],"wp:featuredmedia":[{"embeddable":true,"href":"https:\/\/zonaroja.com.mx\/index.php?rest_route=\/wp\/v2\/media\/42646"}],"wp:attachment":[{"href":"https:\/\/zonaroja.com.mx\/index.php?rest_route=%2Fwp%2Fv2%2Fmedia&parent=42645"}],"wp:term":[{"taxonomy":"category","embeddable":true,"href":"https:\/\/zonaroja.com.mx\/index.php?rest_route=%2Fwp%2Fv2%2Fcategories&post=42645"},{"taxonomy":"post_tag","embeddable":true,"href":"https:\/\/zonaroja.com.mx\/index.php?rest_route=%2Fwp%2Fv2%2Ftags&post=42645"}],"curies":[{"name":"wp","href":"https:\/\/api.w.org\/{rel}","templated":true}]}}