{"id":42655,"date":"2022-06-22T09:00:00","date_gmt":"2022-06-22T14:00:00","guid":{"rendered":"http:\/\/www.zonaroja.com.mx\/?p=42655"},"modified":"2022-06-22T07:34:16","modified_gmt":"2022-06-22T12:34:16","slug":"caricaturista-oaxaqueno-dario-castillejo-expone-obras-en-suiza","status":"publish","type":"post","link":"https:\/\/zonaroja.com.mx\/?p=42655","title":{"rendered":"Caricaturista oaxaque\u00f1o Dar\u00edo Castillejos expone obras en Suiza"},"content":{"rendered":"\n<p>Yuridiana Sosa\/Zona Roja.<\/p>\n\n\n\n<p>Oaxaca de Ju\u00e1rez, Oax., 22 de junio de 2022.- La genialidad de los cartones del multipremiado oaxaque\u00f1o Dario Castillejos lleg\u00f3 a Suiza, a trav\u00e9s de la exposici\u00f3n de caricaturas \u201cCartooning &nbsp;for freedom\u201d (Caricaturas por la libertad).<\/p>\n\n\n\n<p>Con motivo del D\u00eda Mundial de la Libertad de Prensa, Cartooning for Peace se asoci\u00f3 con la Freedom Cartoonists Foundation para la exposici\u00f3n \u00abCartoons for Freedom\u00bb presentada del 1 al 31 de mayo de 2022 en el Quai Wilson de Ginebra, Suiza.<\/p>\n\n\n\n<p>El caricaturista oaxaque\u00f1o, presidente de Carton Club y Premio Nacional de Periodismo 2012, 2014, 2015 y 2018 en M\u00e9xico, as\u00ed como del World Press Cartoon 2021, expone su obra con el tema de la guerra en Europa.<\/p>\n\n\n\n<p>Con ello, el tambi\u00e9n artista pl\u00e1stico, forma parte de la muestra de 60 caricaturas de prensa de todo el mundo que aborda tres temas principales: la guerra en Europa, la vida durante la pandemia de Covid-19 y el calentamiento global.<\/p>\n\n\n\n<p>La caricatura de Castillejos muestra un tanque de guerra con una gorra roja con la leyenda \u201cMake Russia great again\u201d (Hacer que Rusia vuelva a ser grande), pasando sobre escombros; un cielo amarillo y estelas de humo detr\u00e1s.<\/p>\n\n\n\n<p>Dario Castillejos agradeci\u00f3 este lunes su participaci\u00f3n por medio de sus cuentas de redes sociales con el mensaje: \u201cExposici\u00f3n de caricaturas \u201cCartooning for freedom\u201d en Ginebra, Suiza. Gracias a<\/p>\n\n\n\n<p>Patrick Chappatte y a la Freedom Cartoonists Foundation en colaboraci\u00f3n con Cartooning for Peace y Cartoonists Rights Network, por la iniciativa\u201d.<\/p>\n\n\n\n<p>Patrick Chappatte es un reconocido dibujante de talla mundial, de origen liban\u00e9s-suizo, destacado por su trabajo para Le Temps, Neue Z\u00fcrcher Zeitung, la revista de noticias alemana Der Spiegel, The New York Times International Edition y el peri\u00f3dico sat\u00edrico franc\u00e9s Le Canard.<\/p>\n\n\n\n<p>OTROS MOMENTOS<\/p>\n\n\n\n<p>En diciembre de 2021 el caricaturista oaxaque\u00f1o Dar\u00edo Castillejos fue incluido por segundo a\u00f1o consecutivo entre los \u201c100 mexicanos m\u00e1s creativos en el mundo\u201d por Forbes M\u00e9xico.<\/p>\n\n\n\n<p>Dicha edici\u00f3n fue especial en el contexto de la contingencia sanitaria, por lo que la publicaci\u00f3n tuvo como tema \u201cel a\u00f1o de la reinvenci\u00f3n de la industria creativa\u201d.<\/p>\n\n\n\n<p>Un a\u00f1o antes, recibi\u00f3 el Primer lugar \u00abGolden Prize\u00bb en el certamen HumoDeva en Rumania 2019, siendo el \u00fanico mexicano en la lista de ganadores de nivel mundial.<\/p>\n\n\n\n<p>Por su obra, le otorgaron el premio Oro y diploma especial de honor y galer\u00eda personal en BestCARTOONS.net.<\/p>\n\n\n\n<p>La lista de reconocimientos incluye el Premio Excelencia en Periodismo 2019, con el trabajo \u201coficio de alto riesgo\u201d, entre varios m\u00e1s que dan cuenta de su exitosa trayectoria, con reconocimientos desde 1997 a nivel estatal.<\/p>\n","protected":false},"excerpt":{"rendered":"<p>Yuridiana Sosa\/Zona Roja. Oaxaca de Ju\u00e1rez, Oax., 22 de junio de 2022.- La genialidad de&hellip;<\/p>\n","protected":false},"author":2,"featured_media":42656,"comment_status":"closed","ping_status":"open","sticky":false,"template":"","format":"standard","meta":{"_lmt_disableupdate":"","_lmt_disable":"","_jetpack_memberships_contains_paid_content":false,"footnotes":""},"categories":[109,46],"tags":[2185],"class_list":["post-42655","post","type-post","status-publish","format-standard","has-post-thumbnail","hentry","category-minuto-a-minuto","category-zona-blanca","tag-caricaturista-dario-castillejos"],"jetpack_featured_media_url":"https:\/\/zonaroja.com.mx\/wp-content\/uploads\/2022\/06\/Exposicion-Dario-Castillejos.jpg","jetpack_sharing_enabled":true,"_links":{"self":[{"href":"https:\/\/zonaroja.com.mx\/index.php?rest_route=\/wp\/v2\/posts\/42655","targetHints":{"allow":["GET"]}}],"collection":[{"href":"https:\/\/zonaroja.com.mx\/index.php?rest_route=\/wp\/v2\/posts"}],"about":[{"href":"https:\/\/zonaroja.com.mx\/index.php?rest_route=\/wp\/v2\/types\/post"}],"author":[{"embeddable":true,"href":"https:\/\/zonaroja.com.mx\/index.php?rest_route=\/wp\/v2\/users\/2"}],"replies":[{"embeddable":true,"href":"https:\/\/zonaroja.com.mx\/index.php?rest_route=%2Fwp%2Fv2%2Fcomments&post=42655"}],"version-history":[{"count":2,"href":"https:\/\/zonaroja.com.mx\/index.php?rest_route=\/wp\/v2\/posts\/42655\/revisions"}],"predecessor-version":[{"id":42659,"href":"https:\/\/zonaroja.com.mx\/index.php?rest_route=\/wp\/v2\/posts\/42655\/revisions\/42659"}],"wp:featuredmedia":[{"embeddable":true,"href":"https:\/\/zonaroja.com.mx\/index.php?rest_route=\/wp\/v2\/media\/42656"}],"wp:attachment":[{"href":"https:\/\/zonaroja.com.mx\/index.php?rest_route=%2Fwp%2Fv2%2Fmedia&parent=42655"}],"wp:term":[{"taxonomy":"category","embeddable":true,"href":"https:\/\/zonaroja.com.mx\/index.php?rest_route=%2Fwp%2Fv2%2Fcategories&post=42655"},{"taxonomy":"post_tag","embeddable":true,"href":"https:\/\/zonaroja.com.mx\/index.php?rest_route=%2Fwp%2Fv2%2Ftags&post=42655"}],"curies":[{"name":"wp","href":"https:\/\/api.w.org\/{rel}","templated":true}]}}