{"id":42664,"date":"2022-06-22T08:01:22","date_gmt":"2022-06-22T13:01:22","guid":{"rendered":"http:\/\/www.zonaroja.com.mx\/?p=42664"},"modified":"2022-06-22T08:01:24","modified_gmt":"2022-06-22T13:01:24","slug":"condena-amnistia-internacional-asesinato-de-sacerdotes","status":"publish","type":"post","link":"https:\/\/zonaroja.com.mx\/?p=42664","title":{"rendered":"Condena Amnist\u00eda Internacional asesinato de sacerdotes"},"content":{"rendered":"\n<p>Redacci\u00f3n\/Zona Roja Cdmx.<\/p>\n\n\n\n<p>Ciudad de M\u00e9xico, 22 de junio de 2022.- Luego del asesinato de dos sacerdotes jesuitas en Cerocahui, Chihuahua, Amnist\u00eda Internacional conden\u00f3 los hechos y llam\u00f3 al gobierno de Chihuahua a recuperar los cuerpos de los religiosos e investigar lo ocurrido.<\/p>\n\n\n\n<p>En un comunicado difundido en redes sociales, el organismo tambi\u00e9n llam\u00f3 a garantizar la seguridad de los habitantes de la comunidad de Cerocahui, ubicada en la Sierra Tarahumara.<\/p>\n\n\n\n<p>\u201cExpresamos nuestra profunda indignaci\u00f3n y preocupaci\u00f3n por el clima de violencia y falta de medidas de seguridad por parte de las autoridades en la comunidad de Cerocahui, Chihuahua, donde el d\u00eda de ayer fueron asesinados Javier Campos Morales y Joaqu\u00edn C\u00e9sar Mora Salazar\u201d, expres\u00f3 Amnist\u00eda Internacional.<\/p>\n\n\n\n<p>\u201cLlamamos a las autoridades de Chihuahua a realizar una investigaci\u00f3n diligente y efectiva, as\u00ed como las acciones pertinentes para la pronta recuperaci\u00f3n de los cuerpos de Javier Campos y Joaqu\u00edn Mora, a fin de garantizar su dignidad, el acceso a la verdad, a la justicia y la reparaci\u00f3n integral del da\u00f1o para sus familias\u201d, pidi\u00f3 el organismo.<\/p>\n\n\n\n<p>Este martes se inform\u00f3 del asesinato de los dos sacerdotes en una iglesia de la comunidad de Cerocahui, luego de dar refugio a un gu\u00eda de turistas que pidi\u00f3 ayuda pues era perseguido por pistoleros.<\/p>\n\n\n\n<p>La gobernadora del estado, Maru Campus, inform\u00f3 que ya se trabaja en coordinaci\u00f3n con autoridades federales para identificar a los asesinos y recuperar los cuerpos.<\/p>\n\n\n\n<p>Por su parte, la Secretar\u00eda de Seguridad y Protecci\u00f3n Ciudadana inform\u00f3 que ya se tiene identificado al agresor.<\/p>\n\n\n\n<p>(Informaci\u00f3n de \u00abExc\u00e9lsior\u00bb)<\/p>\n","protected":false},"excerpt":{"rendered":"<p>Redacci\u00f3n\/Zona Roja Cdmx. Ciudad de M\u00e9xico, 22 de junio de 2022.- Luego del asesinato de&hellip;<\/p>\n","protected":false},"author":2,"featured_media":42665,"comment_status":"closed","ping_status":"open","sticky":false,"template":"","format":"standard","meta":{"_lmt_disableupdate":"","_lmt_disable":"","_jetpack_memberships_contains_paid_content":false,"footnotes":""},"categories":[109,47],"tags":[],"class_list":["post-42664","post","type-post","status-publish","format-standard","has-post-thumbnail","hentry","category-minuto-a-minuto","category-zona-gris"],"jetpack_featured_media_url":"https:\/\/zonaroja.com.mx\/wp-content\/uploads\/2022\/06\/Sacerdotes-jesuitas-asesinados-Chihuahua.jpeg","jetpack_sharing_enabled":true,"_links":{"self":[{"href":"https:\/\/zonaroja.com.mx\/index.php?rest_route=\/wp\/v2\/posts\/42664","targetHints":{"allow":["GET"]}}],"collection":[{"href":"https:\/\/zonaroja.com.mx\/index.php?rest_route=\/wp\/v2\/posts"}],"about":[{"href":"https:\/\/zonaroja.com.mx\/index.php?rest_route=\/wp\/v2\/types\/post"}],"author":[{"embeddable":true,"href":"https:\/\/zonaroja.com.mx\/index.php?rest_route=\/wp\/v2\/users\/2"}],"replies":[{"embeddable":true,"href":"https:\/\/zonaroja.com.mx\/index.php?rest_route=%2Fwp%2Fv2%2Fcomments&post=42664"}],"version-history":[{"count":1,"href":"https:\/\/zonaroja.com.mx\/index.php?rest_route=\/wp\/v2\/posts\/42664\/revisions"}],"predecessor-version":[{"id":42666,"href":"https:\/\/zonaroja.com.mx\/index.php?rest_route=\/wp\/v2\/posts\/42664\/revisions\/42666"}],"wp:featuredmedia":[{"embeddable":true,"href":"https:\/\/zonaroja.com.mx\/index.php?rest_route=\/wp\/v2\/media\/42665"}],"wp:attachment":[{"href":"https:\/\/zonaroja.com.mx\/index.php?rest_route=%2Fwp%2Fv2%2Fmedia&parent=42664"}],"wp:term":[{"taxonomy":"category","embeddable":true,"href":"https:\/\/zonaroja.com.mx\/index.php?rest_route=%2Fwp%2Fv2%2Fcategories&post=42664"},{"taxonomy":"post_tag","embeddable":true,"href":"https:\/\/zonaroja.com.mx\/index.php?rest_route=%2Fwp%2Fv2%2Ftags&post=42664"}],"curies":[{"name":"wp","href":"https:\/\/api.w.org\/{rel}","templated":true}]}}