{"id":42668,"date":"2022-06-22T13:46:32","date_gmt":"2022-06-22T18:46:32","guid":{"rendered":"https:\/\/www.zonaroja.com.mx\/?p=42668"},"modified":"2022-06-22T13:46:41","modified_gmt":"2022-06-22T18:46:41","slug":"con-reunion-de-gobernadores-actual-y-electo-inicia-transicion-en-oaxaca","status":"publish","type":"post","link":"https:\/\/zonaroja.com.mx\/?p=42668","title":{"rendered":"Con reuni\u00f3n de gobernadores, actual y electo, inicia transici\u00f3n en Oaxaca"},"content":{"rendered":"\n<p>Redacci\u00f3n\/Zona Roja.&nbsp;<\/p>\n\n\n\n<p>Oaxaca de Ju\u00e1rez, Oax., 22 de junio de 2022.- Una vez que el Tribunal Electoral del Estado de Oaxaca dictamin\u00f3 el c\u00f3mputo final y declar\u00f3 la validez de las elecciones del pasado 5 de junio, el gobernador Alejandro Murat Hinojosa recibi\u00f3 al mandatario electo Salom\u00f3n Jara Cruz.&nbsp;<\/p>\n\n\n\n<p>El acto se realiz\u00f3 esta ma\u00f1ana en el Palacio de Gobierno, en la capital oaxaque\u00f1a, y con ello inici\u00f3 el proceso de transici\u00f3n, cuyo relevo ser\u00e1 el pr\u00f3ximo 1 de diciembre.&nbsp;<\/p>\n\n\n\n<p>En un comunicado, el gobierno estatal inform\u00f3 que el proceso de transici\u00f3n gubernamental tendr\u00e1 lugar de manera formal a partir del mes de agosto del presente a\u00f1o.<\/p>\n\n\n\n<p>Calific\u00f3 como \u201ccordial\u201d el encuentro entre ambos mandatarios, quienes \u201ccoincidieron en la importancia de trabajar en equipo de manera coordinada para garantizar una transici\u00f3n con orden y transparencia, como conviene a los intereses del pueblo de Oaxaca\u201d.<\/p>\n\n\n\n<p>De su lado, el mandatario electo Salom\u00f3n Jara se pronunci\u00f3 por&nbsp;establecer que la entrega-recepci\u00f3n sea ordenada y transparente, \u00abde cara al pueblo\u00bb.<\/p>\n\n\n\n<p>\u00abPropuse respetuosamente realizar un proceso institucional y \u00e1gil, habr\u00e1 coordinaci\u00f3n y certidumbre democr\u00e1tica\u00bb, se\u00f1al\u00f3 en un comunicado.<\/p>\n\n\n\n<p>Subray\u00f3 que en breve definir\u00e1 el equipo de transici\u00f3n que desarrollar\u00e1 las tareas del proceso de entrega-recepci\u00f3n gubernamental ordenada, eficaz y transparente.<\/p>\n\n\n\n<p>Previamente, a las 09:00 horas inici\u00f3 la sesi\u00f3n solemne del Tribunal Electoral del Estado de Oaxaca, en que por unanimidad se aval\u00f3 el dictamen del conteo de las elecciones y se declar\u00f3 la validez de las elecciones para renovar la gubernatura.<\/p>\n\n\n\n<p>Asimismo, se emiti\u00f3 la constancia correspondiente de gobernador electo a Salom\u00f3n Jara, quien acudi\u00f3 al acto  <\/p>\n","protected":false},"excerpt":{"rendered":"<p>Redacci\u00f3n\/Zona Roja.&nbsp; Oaxaca de Ju\u00e1rez, Oax., 22 de junio de 2022.- Una vez que el&hellip;<\/p>\n","protected":false},"author":2,"featured_media":42667,"comment_status":"closed","ping_status":"open","sticky":false,"template":"","format":"standard","meta":{"_lmt_disableupdate":"","_lmt_disable":"","_jetpack_memberships_contains_paid_content":false,"footnotes":""},"categories":[109,46],"tags":[],"class_list":["post-42668","post","type-post","status-publish","format-standard","has-post-thumbnail","hentry","category-minuto-a-minuto","category-zona-blanca"],"jetpack_featured_media_url":"https:\/\/zonaroja.com.mx\/wp-content\/uploads\/2022\/06\/63616226-60fd-41a1-ae49-ef3ced4c4f42.jpg","jetpack_sharing_enabled":true,"_links":{"self":[{"href":"https:\/\/zonaroja.com.mx\/index.php?rest_route=\/wp\/v2\/posts\/42668","targetHints":{"allow":["GET"]}}],"collection":[{"href":"https:\/\/zonaroja.com.mx\/index.php?rest_route=\/wp\/v2\/posts"}],"about":[{"href":"https:\/\/zonaroja.com.mx\/index.php?rest_route=\/wp\/v2\/types\/post"}],"author":[{"embeddable":true,"href":"https:\/\/zonaroja.com.mx\/index.php?rest_route=\/wp\/v2\/users\/2"}],"replies":[{"embeddable":true,"href":"https:\/\/zonaroja.com.mx\/index.php?rest_route=%2Fwp%2Fv2%2Fcomments&post=42668"}],"version-history":[{"count":1,"href":"https:\/\/zonaroja.com.mx\/index.php?rest_route=\/wp\/v2\/posts\/42668\/revisions"}],"predecessor-version":[{"id":42669,"href":"https:\/\/zonaroja.com.mx\/index.php?rest_route=\/wp\/v2\/posts\/42668\/revisions\/42669"}],"wp:featuredmedia":[{"embeddable":true,"href":"https:\/\/zonaroja.com.mx\/index.php?rest_route=\/wp\/v2\/media\/42667"}],"wp:attachment":[{"href":"https:\/\/zonaroja.com.mx\/index.php?rest_route=%2Fwp%2Fv2%2Fmedia&parent=42668"}],"wp:term":[{"taxonomy":"category","embeddable":true,"href":"https:\/\/zonaroja.com.mx\/index.php?rest_route=%2Fwp%2Fv2%2Fcategories&post=42668"},{"taxonomy":"post_tag","embeddable":true,"href":"https:\/\/zonaroja.com.mx\/index.php?rest_route=%2Fwp%2Fv2%2Ftags&post=42668"}],"curies":[{"name":"wp","href":"https:\/\/api.w.org\/{rel}","templated":true}]}}