{"id":42672,"date":"2022-06-22T16:00:36","date_gmt":"2022-06-22T21:00:36","guid":{"rendered":"http:\/\/www.zonaroja.com.mx\/?p=42672"},"modified":"2022-06-22T18:02:48","modified_gmt":"2022-06-22T23:02:48","slug":"hijo-trata-de-matar-a-su-madre-en-oaxaca-denuncia-trafico-de-influencias-en-tsjeo","status":"publish","type":"post","link":"https:\/\/zonaroja.com.mx\/?p=42672","title":{"rendered":"Hijo trata de matar a su madre en Oaxaca; denuncia tr\u00e1fico de influencias en TSJEO"},"content":{"rendered":"\n<p>Yuridiana Sosa\/Zona Roja.<\/p>\n\n\n\n<p>Oaxaca de Ju\u00e1rez, Oax., 22 de junio de 2022.- Magdalena Porras es v\u00edctima de violencia familiar, ha sido golpeada y hasta amenazada de muerte con arma de fuego por su propio hijo, Alfredo Hern\u00e1ndez Porras, empleado administrativo del Tribunal Superior de Justicia del Estado de Oaxaca y quien presumen de influencia para que las denuncias no procedan.<\/p>\n\n\n\n<p>Atemorizada por su vida y por la de sus otros dos hijos, la mujer recurri\u00f3 a la denuncia p\u00fablica de su caso, pues las realizadas ante la Fiscal\u00eda Especializada para la Atenci\u00f3n a Delitos Contra la Mujer por Raz\u00f3n de G\u00e9nero, presentada desde el mes de abril, no ha sido revisada, mientras que ha recibido m\u00e1s ataques.<\/p>\n\n\n\n<p>Desde la Alameda de Le\u00f3n de la ciudad de Oaxaca, la madre de familia y su hija, detallaron las violaciones que han recibido de Alfredo, mismas que podr\u00edan quedar impunes ante su relaci\u00f3n con el m\u00e1ximo \u00f3rgano de justicia de Oaxaca.<\/p>\n\n\n\n<p>La mujer, habitante en Santa Cruz Xoxocotl\u00e1n, recibi\u00f3 el primer ataque dentro de su domicilio el 30 de abril; Alfredo Hern\u00e1ndez la golpe\u00f3 con un palo e intent\u00f3 matarla con una navaja.&nbsp; En el intento de ayudarla, sus otros dos hijos resultaron lesionados.<\/p>\n\n\n\n<p>Magdalena Porras desconoce los motivos por lo que su hijo se ha vuelto violento, al grado de amenazarla de muerte, con pistola en mano -y coloc\u00e1ndosela en la cabeza- sobre la v\u00eda p\u00fablica a plena luz del d\u00eda, como ocurri\u00f3 el pasado 15 de junio.<\/p>\n\n\n\n<p>\u201cPinche vieja deja en paz esa denuncia porque si no te mato\u201d, fue la primera amenaza.<\/p>\n\n\n\n<p>Pero este 21 de junio reiter\u00f3 la advertencia cuando se encontraba a una cuadra de su casa y a la que minutos despu\u00e9s, cerca de las 10:00 horas, intent\u00f3 ingresar en compa\u00f1\u00eda de la Ministerio P\u00fablico, Nallely Guti\u00e9rrez, para sacar sus pertenencias a pesar que cuenta con orden de restricci\u00f3n.<\/p>\n\n\n\n<p>La madre apunt\u00f3 que apenas esta semana la recibi\u00f3 la titular de la Fiscal\u00eda Especializada de la Mujer, Mar\u00eda del Carmen Chi\u00f1as Salinas, quien se comprometi\u00f3 a revisar su caso.<\/p>\n\n\n\n<p>Magdalena Porras demand\u00f3 a las autoridades que este caso no quede impune, a pesar que se trata de los ataques de un hijo.<\/p>\n\n\n\n<p>Alfredo, agreg\u00f3, presume de forma constante que es intocable por laborar en el Tribunal de Justicia de Oaxaca.<\/p>\n","protected":false},"excerpt":{"rendered":"<p>Yuridiana Sosa\/Zona Roja. Oaxaca de Ju\u00e1rez, Oax., 22 de junio de 2022.- Magdalena Porras es&hellip;<\/p>\n","protected":false},"author":2,"featured_media":42678,"comment_status":"closed","ping_status":"open","sticky":false,"template":"","format":"standard","meta":{"_lmt_disableupdate":"","_lmt_disable":"","_jetpack_memberships_contains_paid_content":false,"footnotes":""},"categories":[109,47],"tags":[],"class_list":["post-42672","post","type-post","status-publish","format-standard","has-post-thumbnail","hentry","category-minuto-a-minuto","category-zona-gris"],"jetpack_featured_media_url":"https:\/\/zonaroja.com.mx\/wp-content\/uploads\/2022\/06\/207dea0c-58e0-4c42-875d-ff59de98979c.jpg","jetpack_sharing_enabled":true,"_links":{"self":[{"href":"https:\/\/zonaroja.com.mx\/index.php?rest_route=\/wp\/v2\/posts\/42672","targetHints":{"allow":["GET"]}}],"collection":[{"href":"https:\/\/zonaroja.com.mx\/index.php?rest_route=\/wp\/v2\/posts"}],"about":[{"href":"https:\/\/zonaroja.com.mx\/index.php?rest_route=\/wp\/v2\/types\/post"}],"author":[{"embeddable":true,"href":"https:\/\/zonaroja.com.mx\/index.php?rest_route=\/wp\/v2\/users\/2"}],"replies":[{"embeddable":true,"href":"https:\/\/zonaroja.com.mx\/index.php?rest_route=%2Fwp%2Fv2%2Fcomments&post=42672"}],"version-history":[{"count":1,"href":"https:\/\/zonaroja.com.mx\/index.php?rest_route=\/wp\/v2\/posts\/42672\/revisions"}],"predecessor-version":[{"id":42673,"href":"https:\/\/zonaroja.com.mx\/index.php?rest_route=\/wp\/v2\/posts\/42672\/revisions\/42673"}],"wp:featuredmedia":[{"embeddable":true,"href":"https:\/\/zonaroja.com.mx\/index.php?rest_route=\/wp\/v2\/media\/42678"}],"wp:attachment":[{"href":"https:\/\/zonaroja.com.mx\/index.php?rest_route=%2Fwp%2Fv2%2Fmedia&parent=42672"}],"wp:term":[{"taxonomy":"category","embeddable":true,"href":"https:\/\/zonaroja.com.mx\/index.php?rest_route=%2Fwp%2Fv2%2Fcategories&post=42672"},{"taxonomy":"post_tag","embeddable":true,"href":"https:\/\/zonaroja.com.mx\/index.php?rest_route=%2Fwp%2Fv2%2Ftags&post=42672"}],"curies":[{"name":"wp","href":"https:\/\/api.w.org\/{rel}","templated":true}]}}