{"id":42682,"date":"2022-06-22T21:23:55","date_gmt":"2022-06-23T02:23:55","guid":{"rendered":"http:\/\/www.zonaroja.com.mx\/?p=42682"},"modified":"2022-06-22T21:23:56","modified_gmt":"2022-06-23T02:23:56","slug":"con-protesta-universidad-del-pueblo-exige-otra-vez-que-resuelvan-reconocimiento","status":"publish","type":"post","link":"https:\/\/zonaroja.com.mx\/?p=42682","title":{"rendered":"Con protesta, Universidad del Pueblo exige otra vez que resuelvan reconocimiento"},"content":{"rendered":"\n<p>Yuridiana Sosa\/Zona Roja.<\/p>\n\n\n\n<p>Oaxaca de Ju\u00e1rez, Oax., 22 de junio de 2022.- Por tercera vez en lo que va del a\u00f1o, alumnos y docentes de la Universidad del Pueblo se manifestaron este mi\u00e9rcoles para exigir a la Secretar\u00eda General de Gobierno (Segego) cumpla con el procedimiento que dar\u00e1 validez a sus estudios ante la Secretar\u00eda de Educaci\u00f3n P\u00fablica.<\/p>\n\n\n\n<p>Desde temprana hora, los j\u00f3venes, docentes y hasta padres de familia, provenientes de diferentes comunidades, arribaron a la capital para movilizarse en marcha a Ciudad Administrativa, en Tlalixtac de Cabrera.<\/p>\n\n\n\n<p>Ante su llegada al complejo, el personal y asistentes desalojaron el espacio para evitar permanecer encerrados ante la \u201ctoma\u201d del inmueble.<\/p>\n\n\n\n<p>Los estudiantes y acad\u00e9micos se\u00f1alaron que la Secretar\u00eda General de Gobierno (Segego) ha incumplido con el proceso que le corresponde realizar ante la SEP, ello a pesar que desde hace varios meses la Universidad entreg\u00f3 la documentaci\u00f3n necesaria y proceso realizados ante la Comisi\u00f3n Estatal de Educaci\u00f3n Superior del Estado de Oaxaca.<\/p>\n\n\n\n<p>La Universidad del Pueblo inici\u00f3 operaciones desde septiembre de 2019, con presencia en 17 comunidades del estado, lo que suma una matr\u00edcula escolar de m\u00e1s de mil 200 alumnos que a\u00fan no tiene certeza del reconocimiento y algunos est\u00e1n por egresar.<\/p>\n\n\n\n<p>En busca de este reconocimiento, los afectados se han movilizado en la capital y zona conurbada en otras ocasiones, como ocurri\u00f3 en el mes de febrero y posteriormente en marzo, pero al no existir avances decidieron volver a manifestarse.<\/p>\n\n\n\n<p>Cerca de las 16:00 horas, con casi ocho horas de protesta, los alumnos continuaban en el complejo, sin impedir acciones al interior.<\/p>\n\n\n\n<p>Mientras esperaban respuesta por las autoridades estatales, organizaron una \u201cGuelaguetza\u201d &nbsp;y ejecutaron algunos bailes y danzas de las diferentes regiones de Oaxaca.<\/p>\n","protected":false},"excerpt":{"rendered":"<p>Yuridiana Sosa\/Zona Roja. Oaxaca de Ju\u00e1rez, Oax., 22 de junio de 2022.- Por tercera vez&hellip;<\/p>\n","protected":false},"author":2,"featured_media":42683,"comment_status":"closed","ping_status":"open","sticky":false,"template":"","format":"standard","meta":{"_lmt_disableupdate":"","_lmt_disable":"","_jetpack_memberships_contains_paid_content":false,"footnotes":""},"categories":[109,47],"tags":[3168],"class_list":["post-42682","post","type-post","status-publish","format-standard","has-post-thumbnail","hentry","category-minuto-a-minuto","category-zona-gris","tag-universidad-del-pueblo-de-oaxaca"],"jetpack_featured_media_url":"https:\/\/zonaroja.com.mx\/wp-content\/uploads\/2022\/06\/Protesta-Universidad-del-Pueblo-Ciudad-Administrativa.jpg","jetpack_sharing_enabled":true,"_links":{"self":[{"href":"https:\/\/zonaroja.com.mx\/index.php?rest_route=\/wp\/v2\/posts\/42682","targetHints":{"allow":["GET"]}}],"collection":[{"href":"https:\/\/zonaroja.com.mx\/index.php?rest_route=\/wp\/v2\/posts"}],"about":[{"href":"https:\/\/zonaroja.com.mx\/index.php?rest_route=\/wp\/v2\/types\/post"}],"author":[{"embeddable":true,"href":"https:\/\/zonaroja.com.mx\/index.php?rest_route=\/wp\/v2\/users\/2"}],"replies":[{"embeddable":true,"href":"https:\/\/zonaroja.com.mx\/index.php?rest_route=%2Fwp%2Fv2%2Fcomments&post=42682"}],"version-history":[{"count":1,"href":"https:\/\/zonaroja.com.mx\/index.php?rest_route=\/wp\/v2\/posts\/42682\/revisions"}],"predecessor-version":[{"id":42684,"href":"https:\/\/zonaroja.com.mx\/index.php?rest_route=\/wp\/v2\/posts\/42682\/revisions\/42684"}],"wp:featuredmedia":[{"embeddable":true,"href":"https:\/\/zonaroja.com.mx\/index.php?rest_route=\/wp\/v2\/media\/42683"}],"wp:attachment":[{"href":"https:\/\/zonaroja.com.mx\/index.php?rest_route=%2Fwp%2Fv2%2Fmedia&parent=42682"}],"wp:term":[{"taxonomy":"category","embeddable":true,"href":"https:\/\/zonaroja.com.mx\/index.php?rest_route=%2Fwp%2Fv2%2Fcategories&post=42682"},{"taxonomy":"post_tag","embeddable":true,"href":"https:\/\/zonaroja.com.mx\/index.php?rest_route=%2Fwp%2Fv2%2Ftags&post=42682"}],"curies":[{"name":"wp","href":"https:\/\/api.w.org\/{rel}","templated":true}]}}