{"id":42685,"date":"2022-06-22T21:33:52","date_gmt":"2022-06-23T02:33:52","guid":{"rendered":"http:\/\/www.zonaroja.com.mx\/?p=42685"},"modified":"2022-06-22T21:33:53","modified_gmt":"2022-06-23T02:33:53","slug":"se-acumulan-problemas-a-rector-carreno-lopez-ahora-es-prepa-5","status":"publish","type":"post","link":"https:\/\/zonaroja.com.mx\/?p=42685","title":{"rendered":"Se acumulan problemas a rector Carre\u00f1o L\u00f3pez; ahora es Prepa 5"},"content":{"rendered":"\n<p>Yuridiana Sosa\/Zona Roja.<\/p>\n\n\n\n<p>Oaxaca de Ju\u00e1rez, Oax., 22 de junio de 2022.- Los problemas en las escuelas de la Universidad Aut\u00f3noma \u201cBenito Ju\u00e1rez\u201d de Oaxaca se acumulan durante el primer bimestre de la rector\u00eda a cargo de Cristian \u00c9der Carre\u00f1o L\u00f3pez, pues ahora en la Preparatoria 5 de esta instituci\u00f3n, la base trabajadora se dividi\u00f3 por el control del plantel ante una supuesta imposici\u00f3n en la direcci\u00f3n.<\/p>\n\n\n\n<p>Por una parte, trabajadores denunciaron la imposici\u00f3n de Raquel Elizabeth Garc\u00eda Ram\u00edrez al frente de \u00e9sta instituci\u00f3n, al no realizarse una convocatoria para la elecci\u00f3n de los nuevos directivos.<\/p>\n\n\n\n<p>A trav\u00e9s de una carta abierta, los inconformes se\u00f1alan violaciones a la Ley Org\u00e1nica de la Universidad.<\/p>\n\n\n\n<p>Agregaron que tras este acto empleados administrativos del \u00e1rea secretarial fueron desplazados de sus labores y en esos puestos contrataron a personal af\u00edn, y familiares, de la directora; adem\u00e1s, retiraron cargas horarias de maestros con el perfil para cumplir sus funciones.<\/p>\n\n\n\n<p>Exigieron al rector la destituci\u00f3n de la nueva directora y realice el nombramiento de un director cumpliendo los lineamientos de nuestra ley org\u00e1nica.&nbsp;<\/p>\n\n\n\n<p>As\u00ed como ordene la destituci\u00f3n del personal ajeno a la instituci\u00f3n y se realicen auditor\u00eda a la cuenta bancaria Scotiabank con n\u00famero: 09202228491, pues los ingresos no se ven reflejados en la escuela.<\/p>\n\n\n\n<p>CONTRAPARTE<\/p>\n\n\n\n<p>Las nuevas autoridades escolares de la Preparatoria 5 tambi\u00e9n emitieron un comunicado en el que se\u00f1alaron que un grupo de tres secretarias y dos personas ajenas a la instituci\u00f3n \u201ctomaron\u201d las instalaciones de la Preparatoria 5.<\/p>\n\n\n\n<p>\u201cDichas personas se quejan porque se les ha relevado de sus funciones debido a las constantes quejas sobre el entorpecimiento de los tr\u00e1mites administrativos para los alumnos\u201d, indic\u00f3 el mensaje.<\/p>\n\n\n\n<p>De acuerdo con el mensaje, exist\u00edan constantes quejas del alumnado y docentes de ese personal, por lo que \u201cla direcci\u00f3n, en conjunto con el cuerpo acad\u00e9mico, tomamos la determinaci\u00f3n de no recibir m\u00e1s a estas personas que solamente retrasan y burocratizan procedimientos afectando a los estudiantes y a la planta docente\u201d.<\/p>\n\n\n\n<p>Pero, adem\u00e1s, se\u00f1alan actos de corrupci\u00f3n por parte del personal retirado de sus funciones. \u201cNo permitiremos que un grup\u00fasculo de personas que no quieren trabajar, vinculadas a la corrupci\u00f3n, afecten este objetivo. Somos respetuosos de los derechos laborales de los trabajadores de base universitarios, sin embargo, recordemos que el principal respeto de cualquier instituci\u00f3n educativa es con sus alumnos\u201d, resalt\u00f3 el mensaje oficial de las nuevas autoridades acad\u00e9micas.<\/p>\n","protected":false},"excerpt":{"rendered":"<p>Yuridiana Sosa\/Zona Roja. Oaxaca de Ju\u00e1rez, Oax., 22 de junio de 2022.- Los problemas en&hellip;<\/p>\n","protected":false},"author":2,"featured_media":42686,"comment_status":"closed","ping_status":"open","sticky":false,"template":"","format":"standard","meta":{"_lmt_disableupdate":"","_lmt_disable":"","_jetpack_memberships_contains_paid_content":false,"footnotes":""},"categories":[109,47],"tags":[3169],"class_list":["post-42685","post","type-post","status-publish","format-standard","has-post-thumbnail","hentry","category-minuto-a-minuto","category-zona-gris","tag-cristian-eder-carreno-lopez"],"jetpack_featured_media_url":"https:\/\/zonaroja.com.mx\/wp-content\/uploads\/2022\/06\/Preparatoria-5-UABJO.jpeg","jetpack_sharing_enabled":true,"_links":{"self":[{"href":"https:\/\/zonaroja.com.mx\/index.php?rest_route=\/wp\/v2\/posts\/42685","targetHints":{"allow":["GET"]}}],"collection":[{"href":"https:\/\/zonaroja.com.mx\/index.php?rest_route=\/wp\/v2\/posts"}],"about":[{"href":"https:\/\/zonaroja.com.mx\/index.php?rest_route=\/wp\/v2\/types\/post"}],"author":[{"embeddable":true,"href":"https:\/\/zonaroja.com.mx\/index.php?rest_route=\/wp\/v2\/users\/2"}],"replies":[{"embeddable":true,"href":"https:\/\/zonaroja.com.mx\/index.php?rest_route=%2Fwp%2Fv2%2Fcomments&post=42685"}],"version-history":[{"count":1,"href":"https:\/\/zonaroja.com.mx\/index.php?rest_route=\/wp\/v2\/posts\/42685\/revisions"}],"predecessor-version":[{"id":42687,"href":"https:\/\/zonaroja.com.mx\/index.php?rest_route=\/wp\/v2\/posts\/42685\/revisions\/42687"}],"wp:featuredmedia":[{"embeddable":true,"href":"https:\/\/zonaroja.com.mx\/index.php?rest_route=\/wp\/v2\/media\/42686"}],"wp:attachment":[{"href":"https:\/\/zonaroja.com.mx\/index.php?rest_route=%2Fwp%2Fv2%2Fmedia&parent=42685"}],"wp:term":[{"taxonomy":"category","embeddable":true,"href":"https:\/\/zonaroja.com.mx\/index.php?rest_route=%2Fwp%2Fv2%2Fcategories&post=42685"},{"taxonomy":"post_tag","embeddable":true,"href":"https:\/\/zonaroja.com.mx\/index.php?rest_route=%2Fwp%2Fv2%2Ftags&post=42685"}],"curies":[{"name":"wp","href":"https:\/\/api.w.org\/{rel}","templated":true}]}}