{"id":42688,"date":"2022-06-22T21:54:40","date_gmt":"2022-06-23T02:54:40","guid":{"rendered":"http:\/\/www.zonaroja.com.mx\/?p=42688"},"modified":"2022-06-22T21:54:42","modified_gmt":"2022-06-23T02:54:42","slug":"realizara-santiago-matatlan-por-primera-vez-su-feria-del-mezcal","status":"publish","type":"post","link":"https:\/\/zonaroja.com.mx\/?p=42688","title":{"rendered":"Realizar\u00e1 Santiago Matatl\u00e1n por primera vez su feria del mezcal"},"content":{"rendered":"\n<p>Redacci\u00f3n\/Zona Roja.<\/p>\n\n\n\n<p>Oaxaca de Ju\u00e1rez,&nbsp;Oax., a 22 de junio de 2022.-&nbsp;Autoridades municipales de&nbsp;Santiago Matatl\u00e1n invitan a sus fiestas&nbsp;patronales&nbsp;a realizarse&nbsp;del 22 al 27 de julio&nbsp;pr\u00f3ximo, con un programa de actividades religiosas y culturales que incluyen&nbsp;una muestra artesanal, diversidad de platillos tradicionales, conciertos, exposiciones,&nbsp;y por primera&nbsp;ocasi\u00f3n,&nbsp;la&nbsp;Gran Fiesta del Mezcal,&nbsp;que ahora es en Matatl\u00e1n.<\/p>\n\n\n\n<p>Ante medios de comunicaci\u00f3n, el presidente municipal de la capital mundial del mezcal, Juan Carlitos M\u00e9ndezHern\u00e1ndez, acompa\u00f1ado de integrantes de su Cabildo, y del Comit\u00e9 de la&nbsp;Gran Fiesta del Mezcal, expuso que, a partir de&nbsp;un acuerdo tomado en Asamblea Comunitaria,&nbsp;autoridades y productores locales buscan&nbsp;de manera&nbsp;conjunta&nbsp;que en breve tiempo, Matatl\u00e1n sea el principal destino tur\u00edstico mezcalero del pa\u00eds.<\/p>\n\n\n\n<p>\u201cEs un reto para las autoridades de Matatl\u00e1n y sus productores que se reconozca a esta tierra como el primer destino mezcalero de M\u00e9xico, ya que nuestra comunidad aporta el 40 por ciento del mezcal a nivel nacional\u201d, se\u00f1al\u00f3 el mun\u00edcipe, quien tambi\u00e9n estuvo acompa\u00f1ado de la maestra mezcalera Gloria Santiago.<\/p>\n\n\n\n<p>Anunci\u00f3 que para&nbsp;esta Primera edici\u00f3n de la&nbsp;Gran Fiesta&nbsp;del Mezcal, las y los productores participantes brindar\u00e1n degustaciones,&nbsp;as\u00ed como&nbsp;paseos a&nbsp;magueyales, palenques y destiler\u00edas, pues el prop\u00f3sito del evento es propagar la cultura&nbsp;y la historia&nbsp;del maguey-mezcal, y la conciencia de que la bebida oaxaque\u00f1a es mucho m\u00e1s que una espirituosa para alegrar nuestros corazones<\/p>\n\n\n\n<p>Asimismo, dieron a conocer que en el marco de la&nbsp;Gran Fiesta de&nbsp;Mezcal, se entregar\u00e1n reconocimientos a los maestros mezcaleros m\u00e1s longevos de Matatl\u00e1n, por su gran legado a esta tierra reconocida como la Capital Mundial del Mezcal.&nbsp;<\/p>\n\n\n\n<p>El programa de&nbsp;actividades&nbsp;abrir\u00e1 el 22 de junio a las 16:00 horas con una calenda de canasteras de Matatl\u00e1n,que contar\u00e1 con&nbsp;la presencia de la cantante Adriana Ferri y de la&nbsp;Reina del Mezcal Matatl\u00e1n 2022.<\/p>\n\n\n\n<p>A lo largo de cinco d\u00edas se realizar\u00e1n dos exposiciones, y una intervenci\u00f3n mural con&nbsp;la participaci\u00f3n de los artistas&nbsp;David Jim\u00e9nez,&nbsp;Felipe&nbsp;Monterrosa&nbsp;y F\u00e9lix Monterrosa, entre otros.<\/p>\n\n\n\n<p>En la parte musical se ha programado&nbsp;una serie deconciertos con talentos&nbsp;locales&nbsp;como&nbsp;Paola&nbsp;Hersan, los populares \u201cMagueyitos\u201d,&nbsp;\u201cLos Hijos del Patr\u00f3n\u201d, Griselda Navarro \u201cLa G\u00fcera que lleg\u00f3&nbsp;a cantar\u201d,&nbsp;la Banda Filarm\u00f3nica&nbsp;Dain&nbsp;Gaa,&nbsp;y,&nbsp;como invitada especial,&nbsp;la internacionalmente reconocida&nbsp;Lila&nbsp;Downs.<\/p>\n\n\n\n<p>Todas las actividades culturales de la&nbsp;Fiesta Patronal de Santiago Matatl\u00e1n&nbsp;se llevar\u00e1n a cabo a un costado de la iglesia de esta poblaci\u00f3n, localizada&nbsp;a&nbsp;48 kil\u00f3metros de la capital oaxaque\u00f1a,&nbsp;a&nbsp;unos 50 minutos de trayecto, aproximadamente.<\/p>\n","protected":false},"excerpt":{"rendered":"<p>Redacci\u00f3n\/Zona Roja. Oaxaca de Ju\u00e1rez,&nbsp;Oax., a 22 de junio de 2022.-&nbsp;Autoridades municipales de&nbsp;Santiago Matatl\u00e1n invitan&hellip;<\/p>\n","protected":false},"author":2,"featured_media":42689,"comment_status":"closed","ping_status":"open","sticky":false,"template":"","format":"standard","meta":{"_lmt_disableupdate":"","_lmt_disable":"","_jetpack_memberships_contains_paid_content":false,"footnotes":""},"categories":[109,46],"tags":[331],"class_list":["post-42688","post","type-post","status-publish","format-standard","has-post-thumbnail","hentry","category-minuto-a-minuto","category-zona-blanca","tag-santiago-matatlan"],"jetpack_featured_media_url":"https:\/\/zonaroja.com.mx\/wp-content\/uploads\/2022\/06\/Feria-del-Mezcal-Matatlan.jpg","jetpack_sharing_enabled":true,"_links":{"self":[{"href":"https:\/\/zonaroja.com.mx\/index.php?rest_route=\/wp\/v2\/posts\/42688","targetHints":{"allow":["GET"]}}],"collection":[{"href":"https:\/\/zonaroja.com.mx\/index.php?rest_route=\/wp\/v2\/posts"}],"about":[{"href":"https:\/\/zonaroja.com.mx\/index.php?rest_route=\/wp\/v2\/types\/post"}],"author":[{"embeddable":true,"href":"https:\/\/zonaroja.com.mx\/index.php?rest_route=\/wp\/v2\/users\/2"}],"replies":[{"embeddable":true,"href":"https:\/\/zonaroja.com.mx\/index.php?rest_route=%2Fwp%2Fv2%2Fcomments&post=42688"}],"version-history":[{"count":1,"href":"https:\/\/zonaroja.com.mx\/index.php?rest_route=\/wp\/v2\/posts\/42688\/revisions"}],"predecessor-version":[{"id":42690,"href":"https:\/\/zonaroja.com.mx\/index.php?rest_route=\/wp\/v2\/posts\/42688\/revisions\/42690"}],"wp:featuredmedia":[{"embeddable":true,"href":"https:\/\/zonaroja.com.mx\/index.php?rest_route=\/wp\/v2\/media\/42689"}],"wp:attachment":[{"href":"https:\/\/zonaroja.com.mx\/index.php?rest_route=%2Fwp%2Fv2%2Fmedia&parent=42688"}],"wp:term":[{"taxonomy":"category","embeddable":true,"href":"https:\/\/zonaroja.com.mx\/index.php?rest_route=%2Fwp%2Fv2%2Fcategories&post=42688"},{"taxonomy":"post_tag","embeddable":true,"href":"https:\/\/zonaroja.com.mx\/index.php?rest_route=%2Fwp%2Fv2%2Ftags&post=42688"}],"curies":[{"name":"wp","href":"https:\/\/api.w.org\/{rel}","templated":true}]}}