{"id":4269,"date":"2019-09-25T08:35:21","date_gmt":"2019-09-25T13:35:21","guid":{"rendered":"http:\/\/www.zonaroja.com.mx\/?p=4269"},"modified":"2019-09-25T08:35:24","modified_gmt":"2019-09-25T13:35:24","slug":"feministas-a-nivel-nacional-e-internacional-se-pronuncian-a-favor-de-la-despenalizacion-del-aborto","status":"publish","type":"post","link":"https:\/\/zonaroja.com.mx\/?p=4269","title":{"rendered":"Feministas a nivel nacional e internacional se pronuncian a favor de la despenalizaci\u00f3n del aborto"},"content":{"rendered":"\n<p>Evlin\nArag\u00f3n\/Zona Roja.<\/p>\n\n\n\n<p>Oaxaca de\nJu\u00e1rez, Oax., 25 de septiembre de 2019.- Legisladoras, funcionarias federales y\nfeministas desde Espa\u00f1a, Argentina y Ciudad de M\u00e9xico se pronunciaron a favor\nde la despenalizaci\u00f3n del aborto en Oaxaca, mediante reformas de ley que se\nvotaran este 25 de septiembre en sesi\u00f3n de la 64 Legislatura del Congreso\nlocal.<\/p>\n\n\n\n<p>En\nconferencia de prensa ayer, senadoras en cabezadas por Martha M\u00edcher Camarena,\nrealizaron un exhorto a las y los legisladores oaxaque\u00f1os para que de forma\nresponsable se pronuncien a favor de las mujeres, permitiendo que ejerzan su\nderecho a decidir sobre sus cuerpos.<\/p>\n\n\n\n<p>\u201cSe trata de\nun tema fundamental para la vida y la salud de las mujeres, el derecho a\ndecidir sobre su cuerpos y sus vidas\u201d refiri\u00f3 en conferencia de prensa en la\nque se pronunciaron por el derecho<\/p>\n\n\n\n<p>Asegur\u00f3 que\nen la Ciudad de M\u00e9xico se redujo a cero la muerte de mujeres por abortos\nclandestinos, luego de la despenalizaci\u00f3n del aborto en el 2007, situaci\u00f3n que\ndebe considerarse en un estado como Oaxaca donde se reportan dos mil 300\nabortos clandestinos al a\u00f1o, cifra que subir\u00eda a m\u00e1s de 11 mil casos debido a\nlos subregistros.<\/p>\n\n\n\n<p>\u201cPara\nnosotras es muy importante que cuenten con el respaldo las valientes diputadas\nde Oaxaca, que se arriesguen, que den la vida por la vida de las mujeres para\ntransformar una realidad devastadora, no estamos llamando a la muerte, la ley\nel aborto no obliga a nadie a abortar\u201d, detall\u00f3.<\/p>\n\n\n\n<p>Por lo\nanterior hicieron un llamado respetuoso a las y los legisladores a quienes\ndijeron est\u00e1n a un paso de hacer historia, este mi\u00e9rcoles.<\/p>\n\n\n\n<p>\u201cNo se nos\nolvide que llegamos a legislar para los derechos de las personas y sus\nrealidad, no para nuestras subjetividades, hay que ser responsables, confiamos\nen que el Congreso de Oaxaca no le falle a las mujeres y se despenalice el\naborto\u201d, se\u00f1alo la senadora por Morena, Citlalli Hern\u00e1ndez.<\/p>\n\n\n\n<p>En el mismo\nsentido diputadas federales encabezadas por Wendy Brice\u00f1o Zuloaga, reconocieron\na las legisladoras Hilda Perez Luis, Roc\u00edo Machuca y Laura Estrada, as\u00ed como a\ntoda la bancada de Morena que este mi\u00e9rcoles podr\u00edan hacer historia para las\nmujeres, promoviendo los derechos humanos e igualdad real entre hombres y\nmujeres como se prometi\u00f3 en campa\u00f1a.<\/p>\n\n\n\n<p>\u201cEn estos\nmomentos legisladoras de Morena en Oaxaca, da curso, de manera responsable y\ncomprometida a una iniciativa sobre la despenalizaci\u00f3n del aborto, la no\ncriminalizaci\u00f3n de las mujeres y que prioriza la vida e integridad de las\nmismas. \u00a1Las apoyamos!\u201d, dijo.<\/p>\n\n\n\n<p>TAMBI\u00c9N\nINMUJERES<\/p>\n\n\n\n<p>Por su parte\nel Instituto Nacional de las Mujeres (Inmujeres), al igual que el Consejo\nConsultivo y Social de la dependencia, celebraron la iniciativa de reforma a la\nConstituci\u00f3n de Oaxaca para garantizar los derechos sexuales y reproductivos de\nlas mujeres e hicieron un llamado a las y los diputados del Congreso del Estado\nLibre y Soberano de Oaxaca a que en congruencia con la promulgaci\u00f3n del \u201cA\u00f1o\npor la erradicaci\u00f3n de la violencia contra la mujer\u201d, se unan para votar a\nfavor de la iniciativa que permitir\u00e1 a las mujeres de este estado el ejercicio\npleno de sus derechos humanos.<\/p>\n\n\n\n<p>Finalmente,\nfeministas de renombre internacional como Rosa Cobo desde Espa\u00f1a; la actriz\nargentina Muriel Santa Ana, desde el Festival Internacional de cine de San\nSebasti\u00e1n, Espa\u00f1a; Marcela Lagarde en la Ciudad de M\u00e9xico; as\u00ed como Frente\nFeminista Nacional, tambi\u00e9n se han pronunciado por que el aborto se despenalice\nen Oaxaca y las mujeres puedan decidir libremente sobre sus cuerpos.<\/p>\n","protected":false},"excerpt":{"rendered":"<p>Evlin Arag\u00f3n\/Zona Roja. Oaxaca de Ju\u00e1rez, Oax., 25 de septiembre de 2019.- Legisladoras, funcionarias federales&hellip;<\/p>\n","protected":false},"author":2,"featured_media":3469,"comment_status":"closed","ping_status":"open","sticky":false,"template":"","format":"standard","meta":{"_lmt_disableupdate":"","_lmt_disable":"","_jetpack_memberships_contains_paid_content":false,"footnotes":""},"categories":[109,47],"tags":[765],"class_list":["post-4269","post","type-post","status-publish","format-standard","has-post-thumbnail","hentry","category-minuto-a-minuto","category-zona-gris","tag-despenalizacion-del-aborto-en-oaxaca"],"jetpack_featured_media_url":"https:\/\/zonaroja.com.mx\/wp-content\/uploads\/2019\/08\/marea-verde.jpg","jetpack_sharing_enabled":true,"_links":{"self":[{"href":"https:\/\/zonaroja.com.mx\/index.php?rest_route=\/wp\/v2\/posts\/4269","targetHints":{"allow":["GET"]}}],"collection":[{"href":"https:\/\/zonaroja.com.mx\/index.php?rest_route=\/wp\/v2\/posts"}],"about":[{"href":"https:\/\/zonaroja.com.mx\/index.php?rest_route=\/wp\/v2\/types\/post"}],"author":[{"embeddable":true,"href":"https:\/\/zonaroja.com.mx\/index.php?rest_route=\/wp\/v2\/users\/2"}],"replies":[{"embeddable":true,"href":"https:\/\/zonaroja.com.mx\/index.php?rest_route=%2Fwp%2Fv2%2Fcomments&post=4269"}],"version-history":[{"count":1,"href":"https:\/\/zonaroja.com.mx\/index.php?rest_route=\/wp\/v2\/posts\/4269\/revisions"}],"predecessor-version":[{"id":4270,"href":"https:\/\/zonaroja.com.mx\/index.php?rest_route=\/wp\/v2\/posts\/4269\/revisions\/4270"}],"wp:featuredmedia":[{"embeddable":true,"href":"https:\/\/zonaroja.com.mx\/index.php?rest_route=\/wp\/v2\/media\/3469"}],"wp:attachment":[{"href":"https:\/\/zonaroja.com.mx\/index.php?rest_route=%2Fwp%2Fv2%2Fmedia&parent=4269"}],"wp:term":[{"taxonomy":"category","embeddable":true,"href":"https:\/\/zonaroja.com.mx\/index.php?rest_route=%2Fwp%2Fv2%2Fcategories&post=4269"},{"taxonomy":"post_tag","embeddable":true,"href":"https:\/\/zonaroja.com.mx\/index.php?rest_route=%2Fwp%2Fv2%2Ftags&post=4269"}],"curies":[{"name":"wp","href":"https:\/\/api.w.org\/{rel}","templated":true}]}}