{"id":42694,"date":"2022-06-23T07:01:36","date_gmt":"2022-06-23T12:01:36","guid":{"rendered":"http:\/\/www.zonaroja.com.mx\/?p=42694"},"modified":"2022-06-23T07:01:37","modified_gmt":"2022-06-23T12:01:37","slug":"en-sexenio-de-amlo-suman-siete-sacerdotes-asesinados","status":"publish","type":"post","link":"https:\/\/zonaroja.com.mx\/?p=42694","title":{"rendered":"En sexenio de AMLO suman siete sacerdotes asesinados"},"content":{"rendered":"\n<p>Redacci\u00f3n\/Zona Roja Cdmx.<\/p>\n\n\n\n<p>Ciudad de M\u00e9xico, 23 de junio de 2022.- Con el asesinato de los sacerdotes jesuitas Javier Campos Morales y Joaqu\u00edn C\u00e9sar Mora Salazar el lunes, en un templo de la comunidad de Cerocahui, Chihuahua, suman siete homicidios a miembros de la congregaci\u00f3n cat\u00f3lica en lo que va de la administraci\u00f3n del presidente Andr\u00e9s Manuel L\u00f3pez Obrador, seg\u00fan cifras del Centro Cat\u00f3lico Multimedial (CCM).<\/p>\n\n\n\n<p>En 2019, el padre Jos\u00e9 Mart\u00edn Guzm\u00e1n Vega fue asesinado el 23 de agosto en la comunidad de Cristo Rey de la Paz, de la di\u00f3cesis de Matamoros, Tamaulipas.<\/p>\n\n\n\n<p>El sacerdote fue apu\u00f1alado a las afueras de su parroquia \u201dfue herido en varias ocasiones con arma blanca; vecinos escucharon gritos de auxilio al interior de la parroquia, al acercarse vieron al padre Jos\u00e9 Mart\u00edn herido de gravedad por lo que fue trasladado de emergencia al Hospital General de la localidad para ser atendido. Minutos despu\u00e9s se declar\u00f3 su fallecimiento\u201d, indic\u00f3 el CCM.<\/p>\n\n\n\n<p>La Fiscal\u00eda del Estado de Guanajuato report\u00f3 el hallazgo del cuerpo sin vida del sacerdote Gumersindo Cort\u00e9s Gonz\u00e1lez, el pasado 28 de marzo de 2021, en la localidad de Cerrito de Guadalupe y San Ant\u00f3n de las Minas.<\/p>\n\n\n\n<p>De acuerdo con CCM, los restos mortales presentaron indicios de violencia, con impactos de arma de fuego y tortura. El padre hab\u00eda sido reportado como desaparecido desde la ma\u00f1ana del s\u00e1bado 27 de marzo.<\/p>\n\n\n\n<p>Por otra parte, el fray Juan Antonio Orozco Alvarado cay\u00f3 v\u00edctima de un fuego cruzado, el 12 de junio de 2021, junto con otras personas que le acompa\u00f1aban. De acuerdo con los responsables de la provincia franciscana a la que pertenec\u00eda, el religioso, quedaron atrapados en un enfrentamiento entre c\u00e1rteles rivales, en los l\u00edmites de los Estados de Durango y Zacatecas.<\/p>\n\n\n\n<p>Finalmente, la noche del 30 de agosto, el padre Jos\u00e9 Guadalupe Popoca Soto, p\u00e1rroco de San Nicol\u00e1s de Bari en Galean, Morelos, fue asesinado.<\/p>\n\n\n\n<p>El sacerdote Jos\u00e9 Guadalupe Rivas, era presidente de la Casa Migrante, en Baja California y se encontraba desaparecido desde la tarde del domingo 15 de mayo del 2022, m\u00e1s tarde, fue localizado sin vida junto con otra persona en un rancho, cerca de la Hacienda Santa Ver\u00f3nica en Tecate.<\/p>\n\n\n\n<p>Ante estos hechos, la comunidad de jesuitas de M\u00e9xico y otras organizaciones condenaron los asesinatos de Javier Campos y Joaqu\u00edn Mora y exigieron justicia, as\u00ed como el esclarecimiento de la situaci\u00f3n.<\/p>\n\n\n\n<p>(Informaci\u00f3n de \u00abEl Financiero\u00bb)<\/p>\n","protected":false},"excerpt":{"rendered":"<p>Redacci\u00f3n\/Zona Roja Cdmx. Ciudad de M\u00e9xico, 23 de junio de 2022.- Con el asesinato de&hellip;<\/p>\n","protected":false},"author":2,"featured_media":42695,"comment_status":"closed","ping_status":"open","sticky":false,"template":"","format":"standard","meta":{"_lmt_disableupdate":"","_lmt_disable":"","_jetpack_memberships_contains_paid_content":false,"footnotes":""},"categories":[109,47],"tags":[],"class_list":["post-42694","post","type-post","status-publish","format-standard","has-post-thumbnail","hentry","category-minuto-a-minuto","category-zona-gris"],"jetpack_featured_media_url":"https:\/\/zonaroja.com.mx\/wp-content\/uploads\/2022\/06\/Sacerdotes-asesinados-Mexico.jpeg","jetpack_sharing_enabled":true,"_links":{"self":[{"href":"https:\/\/zonaroja.com.mx\/index.php?rest_route=\/wp\/v2\/posts\/42694","targetHints":{"allow":["GET"]}}],"collection":[{"href":"https:\/\/zonaroja.com.mx\/index.php?rest_route=\/wp\/v2\/posts"}],"about":[{"href":"https:\/\/zonaroja.com.mx\/index.php?rest_route=\/wp\/v2\/types\/post"}],"author":[{"embeddable":true,"href":"https:\/\/zonaroja.com.mx\/index.php?rest_route=\/wp\/v2\/users\/2"}],"replies":[{"embeddable":true,"href":"https:\/\/zonaroja.com.mx\/index.php?rest_route=%2Fwp%2Fv2%2Fcomments&post=42694"}],"version-history":[{"count":1,"href":"https:\/\/zonaroja.com.mx\/index.php?rest_route=\/wp\/v2\/posts\/42694\/revisions"}],"predecessor-version":[{"id":42696,"href":"https:\/\/zonaroja.com.mx\/index.php?rest_route=\/wp\/v2\/posts\/42694\/revisions\/42696"}],"wp:featuredmedia":[{"embeddable":true,"href":"https:\/\/zonaroja.com.mx\/index.php?rest_route=\/wp\/v2\/media\/42695"}],"wp:attachment":[{"href":"https:\/\/zonaroja.com.mx\/index.php?rest_route=%2Fwp%2Fv2%2Fmedia&parent=42694"}],"wp:term":[{"taxonomy":"category","embeddable":true,"href":"https:\/\/zonaroja.com.mx\/index.php?rest_route=%2Fwp%2Fv2%2Fcategories&post=42694"},{"taxonomy":"post_tag","embeddable":true,"href":"https:\/\/zonaroja.com.mx\/index.php?rest_route=%2Fwp%2Fv2%2Ftags&post=42694"}],"curies":[{"name":"wp","href":"https:\/\/api.w.org\/{rel}","templated":true}]}}