{"id":42697,"date":"2022-06-23T07:51:28","date_gmt":"2022-06-23T12:51:28","guid":{"rendered":"http:\/\/www.zonaroja.com.mx\/?p=42697"},"modified":"2022-06-23T07:51:29","modified_gmt":"2022-06-23T12:51:29","slug":"el-mult-se-sigue-oponiendo-a-retorno-de-triquis-insiste-el-multi","status":"publish","type":"post","link":"https:\/\/zonaroja.com.mx\/?p=42697","title":{"rendered":"EL MULT se sigue oponiendo a retorno de triquis, insiste el MULTI"},"content":{"rendered":"\n<p>Redacci\u00f3n\/Zona Roja.<\/p>\n\n\n\n<p>Oaxaca de Ju\u00e1rez, Oax., 23 de junio de 2022.- Por en\u00e9sima ocasi\u00f3n, la intenci\u00f3n de retornar a 143 familias desplazadas a Tierra Blanca, Juxtlahuaca, fracas\u00f3 y anoche s\u00f3lo autoridades estatales llegaron a la mesa de negociaci\u00f3n.<\/p>\n\n\n\n<p>El Movimiento de Unificaci\u00f3n y Lucha Triqui Independiente (MULTI) acus\u00f3 de nuevo al MULT de impedir la mesa de di\u00e1logo, incluso cerrando accesos a la Defensor\u00eda de los Derechos Humanos del Pueblo de Oaxaca, en la capital oaxaque\u00f1a, donde se llevar\u00eda a cabo la reuni\u00f3n el pasado martes.<\/p>\n\n\n\n<p>Tras el fracaso del 16 de mayo pasado, fue hasta el 17 de junio del 2022 que la Comisi\u00f3n Interinstitucional -de los gobiernos federal y estatal- mencion\u00f3 que se reinstalar\u00eda la mesa de di\u00e1logo para el d\u00eda 20 de junio del 2022, a las 13:00 horas en la&nbsp; Ciudad de Oaxaca.&nbsp;<\/p>\n\n\n\n<p>\u201cPero el MULT no acudi\u00f3 a esta mesa, por lo que se decidi\u00f3 reprogramarla para el d\u00eda 21 de junio a las 16:00 horas, en las instalaciones de la Defensor\u00eda de Derechos Humanos del Pueblo de Oaxaca (DDHPO) pues es fundamental que todas las partes est\u00e9n presentes.<\/p>\n\n\n\n<p>\u201cEl d\u00eda martes 21 de junio, acudimos a la reuni\u00f3n programada pero al llegar a las instalaciones de la DDHPO, alrededor de 60 personas militantes del MULT se encontraban bloqueando la entrada del inmueble impidiendo que la mesa de di\u00e1logo se instalara.<\/p>\n\n\n\n<p>\u201cPor su parte, la Comisi\u00f3n Interinstitucional decidi\u00f3 posponer la reuni\u00f3n para las 17:00 horas, pensando que podr\u00edan convencer a la direcci\u00f3n del MULT para sentarse a cumplir con los compromisos de mesa, pero eso nunca pas\u00f3. A las 19:00 horas nos llamaron v\u00eda telef\u00f3nica para comunicar que la mesa de cancelaba hasta nuevo aviso\u201d, narr\u00f3 el MULTI a trav\u00e9s de un comunicado.<\/p>\n\n\n\n<p>REUNI\u00d3N INCOMPLETA<\/p>\n\n\n\n<p>Por su parte, el Gobierno del Estado inform\u00f3 anoche que la Comisi\u00f3n Interinstitucional y Civil, integrada por la Subsecretar\u00eda de Derechos Humanos, Poblaci\u00f3n y Migraci\u00f3n de la Secretar\u00eda de Gobernaci\u00f3n y el Gobierno del Estado de Oaxaca, a trav\u00e9s de la Secretar\u00eda General de Gobierno, \u201cdurante los d\u00edas 20 y 21 de junio han dado continuidad a las mesas de atenci\u00f3n interinstitucional, con la finalidad de avanzar en la implementaci\u00f3n del Protocolo de Retorno Pac\u00edfico, Seguro, Ordenado y Voluntario, que las y los ciudadanos originarios de Tierra Blanca Copala suscribieron en las mesas de di\u00e1logo\u201d.<\/p>\n\n\n\n<p>Detall\u00f3 que en las instalaciones de la Defensor\u00eda de los Derechos Humanos del Pueblo de Oaxaca y con la participaci\u00f3n del presidente municipal del ayuntamiento de Santiago Juxtlahuaca, se exhort\u00f3 a las dirigencias del MULT y MULTI para que, \u201csin desviarnos del objetivo de la pacificaci\u00f3n de la naci\u00f3n Triqui, se instrumente a trav\u00e9s del di\u00e1logo, como \u00fanica herramienta eficaz para alcanzar los acuerdos justos y necesarios, el anhelado y merecido retorno de las familias de Tierra Blanca Copala.<\/p>\n\n\n\n<p>\u201cSe convoc\u00f3 a las direcciones pol\u00edticas de las organizaciones sociales para avanzar en el cumplimiento de los acuerdos contra\u00eddos por las partes en la Ciudad de M\u00e9xico, los d\u00edas 3 y 4 de abril del actual, retomando el \u00faltimo de los acuerdos, teniendo como base el avance de los mismos, de admitir y permitir<\/p>\n\n\n\n<p>el regreso de la poblaci\u00f3n originaria de Tierra Blanca Copala.&nbsp;<\/p>\n\n\n\n<p>\u201cAsimismo, se exhort\u00f3 a las organizaciones ciudadanas a sumarse a este esfuerzo institucional, con una disposici\u00f3n constructiva y pac\u00edfica, de reconocimiento de las carencias sociales ancestrales, pero tambi\u00e9n de la riqueza cultural e identidad de la naci\u00f3n Triqui, aspectos sociales que constituyen la puerta de acceso a la paz, el orden, el progreso y el desarrollo, ratificando la firme intenci\u00f3n de continuar invitando a las organizaciones y comunidades de la zona triqui, para la instalaci\u00f3n de una mesa de di\u00e1logo sin condicionamientos donde la voluntad, la disposici\u00f3n y la suma de todas y todos se refleje en la concordia y el desarrollo de los pueblos ind\u00edgenas\u201d, destac\u00f3.<\/p>\n","protected":false},"excerpt":{"rendered":"<p>Redacci\u00f3n\/Zona Roja. Oaxaca de Ju\u00e1rez, Oax., 23 de junio de 2022.- Por en\u00e9sima ocasi\u00f3n, la&hellip;<\/p>\n","protected":false},"author":2,"featured_media":42698,"comment_status":"closed","ping_status":"open","sticky":false,"template":"","format":"standard","meta":{"_lmt_disableupdate":"","_lmt_disable":"","_jetpack_memberships_contains_paid_content":false,"footnotes":""},"categories":[109,47],"tags":[1712],"class_list":["post-42697","post","type-post","status-publish","format-standard","has-post-thumbnail","hentry","category-minuto-a-minuto","category-zona-gris","tag-tierra-blanca-copala"],"jetpack_featured_media_url":"https:\/\/zonaroja.com.mx\/wp-content\/uploads\/2022\/06\/Desplazados-triquis-Copala-Oaxaca.jpg","jetpack_sharing_enabled":true,"_links":{"self":[{"href":"https:\/\/zonaroja.com.mx\/index.php?rest_route=\/wp\/v2\/posts\/42697","targetHints":{"allow":["GET"]}}],"collection":[{"href":"https:\/\/zonaroja.com.mx\/index.php?rest_route=\/wp\/v2\/posts"}],"about":[{"href":"https:\/\/zonaroja.com.mx\/index.php?rest_route=\/wp\/v2\/types\/post"}],"author":[{"embeddable":true,"href":"https:\/\/zonaroja.com.mx\/index.php?rest_route=\/wp\/v2\/users\/2"}],"replies":[{"embeddable":true,"href":"https:\/\/zonaroja.com.mx\/index.php?rest_route=%2Fwp%2Fv2%2Fcomments&post=42697"}],"version-history":[{"count":1,"href":"https:\/\/zonaroja.com.mx\/index.php?rest_route=\/wp\/v2\/posts\/42697\/revisions"}],"predecessor-version":[{"id":42699,"href":"https:\/\/zonaroja.com.mx\/index.php?rest_route=\/wp\/v2\/posts\/42697\/revisions\/42699"}],"wp:featuredmedia":[{"embeddable":true,"href":"https:\/\/zonaroja.com.mx\/index.php?rest_route=\/wp\/v2\/media\/42698"}],"wp:attachment":[{"href":"https:\/\/zonaroja.com.mx\/index.php?rest_route=%2Fwp%2Fv2%2Fmedia&parent=42697"}],"wp:term":[{"taxonomy":"category","embeddable":true,"href":"https:\/\/zonaroja.com.mx\/index.php?rest_route=%2Fwp%2Fv2%2Fcategories&post=42697"},{"taxonomy":"post_tag","embeddable":true,"href":"https:\/\/zonaroja.com.mx\/index.php?rest_route=%2Fwp%2Fv2%2Ftags&post=42697"}],"curies":[{"name":"wp","href":"https:\/\/api.w.org\/{rel}","templated":true}]}}