{"id":42700,"date":"2022-06-23T10:01:00","date_gmt":"2022-06-23T15:01:00","guid":{"rendered":"http:\/\/www.zonaroja.com.mx\/?p=42700"},"modified":"2022-06-23T08:07:28","modified_gmt":"2022-06-23T13:07:28","slug":"ahonda-division-en-morena-monreal-amaga-con-renunciar-por-exclusion","status":"publish","type":"post","link":"https:\/\/zonaroja.com.mx\/?p=42700","title":{"rendered":"Ahonda divisi\u00f3n en Morena; Monreal amaga con renunciar por exclusi\u00f3n"},"content":{"rendered":"\n<p>Redacci\u00f3n\/Zona Roja Cdmx.<\/p>\n\n\n\n<p>Ciudad de M\u00e9xico, 23 de junio de 2022.- Luego de reconocer que hay un grupo dentro de Morena que lo quiere ver fuera del partido, el senador Ricardo Monreal afirm\u00f3 que si lo siguen excluyendo, nada tiene que hacer ah\u00ed.<\/p>\n\n\n\n<p>\u201cHasta ahora, no ha habido ning\u00fan otro elemento que me obligue a irme, y he dicho que el l\u00edmite de mi permanencia en Morena es la dignidad. Si se me sigue excluyendo, nada tengo que hacer\u201d, dijo Monreal en Le\u00f3n, Guanajuato.<\/p>\n\n\n\n<p>Insisti\u00f3 en que buscar\u00e1, hasta el \u00faltimo momento, lograr la candidatura presidencial a trav\u00e9s del partido Movimiento Regeneraci\u00f3n Nacional (Morena), del cual \u00e9l es fundador.&nbsp;<\/p>\n\n\n\n<p>\u201cYo espero que la dirigencia del partido corrija y en el futuro no me excluya de la participaci\u00f3n y de mi consideraci\u00f3n de que, a pesar de que no sea se\u00f1alado en el Club de los Se\u00f1alados, no sea mencionado en el Club de los Elegidos, desde las matutinas ma\u00f1aneras, conferencias, aun as\u00ed he decidido participar\u201d, enfatiz\u00f3 el coordinador de los senadores de Morena.<\/p>\n\n\n\n<p>El tambi\u00e9n presidente de la Junta de Coordinaci\u00f3n Pol\u00edtica del Senado dijo que s\u00f3lo \u201cel pueblo\u201d es quien decidir\u00e1 si compite o no en la contienda presidencial<br>de 2024.&nbsp;<\/p>\n\n\n\n<p>\u201cNo quiero que me se\u00f1alen ah\u00ed, quiero que el pueblo me se\u00f1ale. Hay que dejar a un lado la politiquer\u00eda. Tiene raz\u00f3n el presidente (Andr\u00e9s Manuel) L\u00f3pez Obrador; yo no me voy a mezclar a la politiquer\u00eda, soy un pol\u00edtico serio, un pol\u00edtico responsable y lo \u00fanico que quiero es profundizar el proceso de vida democr\u00e1tica que el pa\u00eds ha iniciado a partir del 18\u201d, destac\u00f3 Monreal.<\/p>\n\n\n\n<p>La semana pasada, el l\u00edder de los senadores morenistas acus\u00f3 haber sido excluido del evento en el que se dio el banderazo para la preparaci\u00f3n de los comicios de 2023, el cual se realiz\u00f3 en Toluca, al cual asistieron los otros tres presidenciables de Morena: Claudia Sheinbaum, Marcelo Ebrard y Ad\u00e1n Augusto L\u00f3pez.<\/p>\n\n\n\n<p>Adem\u00e1s, en diversas ocasiones ha dicho que har\u00e1 todo lo posible para que el candidato de su partido a la Presidencia surja de un proceso de elecci\u00f3n interno organizado por el INE, y no de una encuesta, como insiste la dirigencia de Morena, ya que estos ejercicios son vulnerables a ser alterados.<\/p>\n\n\n\n<p>(Informaci\u00f3n de \u201cExc\u00e9lsior\u201d)<\/p>\n","protected":false},"excerpt":{"rendered":"<p>Redacci\u00f3n\/Zona Roja Cdmx. Ciudad de M\u00e9xico, 23 de junio de 2022.- Luego de reconocer que&hellip;<\/p>\n","protected":false},"author":2,"featured_media":29807,"comment_status":"closed","ping_status":"open","sticky":false,"template":"","format":"standard","meta":{"_lmt_disableupdate":"","_lmt_disable":"","_jetpack_memberships_contains_paid_content":false,"footnotes":""},"categories":[109,47],"tags":[583],"class_list":["post-42700","post","type-post","status-publish","format-standard","has-post-thumbnail","hentry","category-minuto-a-minuto","category-zona-gris","tag-ricardo-monreal"],"jetpack_featured_media_url":"https:\/\/zonaroja.com.mx\/wp-content\/uploads\/2021\/07\/Ricardo-Monreal-y-Mario-Delgado.jpg","jetpack_sharing_enabled":true,"_links":{"self":[{"href":"https:\/\/zonaroja.com.mx\/index.php?rest_route=\/wp\/v2\/posts\/42700","targetHints":{"allow":["GET"]}}],"collection":[{"href":"https:\/\/zonaroja.com.mx\/index.php?rest_route=\/wp\/v2\/posts"}],"about":[{"href":"https:\/\/zonaroja.com.mx\/index.php?rest_route=\/wp\/v2\/types\/post"}],"author":[{"embeddable":true,"href":"https:\/\/zonaroja.com.mx\/index.php?rest_route=\/wp\/v2\/users\/2"}],"replies":[{"embeddable":true,"href":"https:\/\/zonaroja.com.mx\/index.php?rest_route=%2Fwp%2Fv2%2Fcomments&post=42700"}],"version-history":[{"count":1,"href":"https:\/\/zonaroja.com.mx\/index.php?rest_route=\/wp\/v2\/posts\/42700\/revisions"}],"predecessor-version":[{"id":42701,"href":"https:\/\/zonaroja.com.mx\/index.php?rest_route=\/wp\/v2\/posts\/42700\/revisions\/42701"}],"wp:featuredmedia":[{"embeddable":true,"href":"https:\/\/zonaroja.com.mx\/index.php?rest_route=\/wp\/v2\/media\/29807"}],"wp:attachment":[{"href":"https:\/\/zonaroja.com.mx\/index.php?rest_route=%2Fwp%2Fv2%2Fmedia&parent=42700"}],"wp:term":[{"taxonomy":"category","embeddable":true,"href":"https:\/\/zonaroja.com.mx\/index.php?rest_route=%2Fwp%2Fv2%2Fcategories&post=42700"},{"taxonomy":"post_tag","embeddable":true,"href":"https:\/\/zonaroja.com.mx\/index.php?rest_route=%2Fwp%2Fv2%2Ftags&post=42700"}],"curies":[{"name":"wp","href":"https:\/\/api.w.org\/{rel}","templated":true}]}}