{"id":42704,"date":"2022-06-23T13:16:11","date_gmt":"2022-06-23T18:16:11","guid":{"rendered":"https:\/\/www.zonaroja.com.mx\/?p=42704"},"modified":"2022-06-23T13:19:56","modified_gmt":"2022-06-23T18:19:56","slug":"crece-conflicto-en-el-hospital-civil-de-oaxaca-protesta-va-a-oficinas-de-la-seccion-35","status":"publish","type":"post","link":"https:\/\/zonaroja.com.mx\/?p=42704","title":{"rendered":"Crece conflicto en el Hospital Civil de Oaxaca; protesta va a oficinas de la Secci\u00f3n 35"},"content":{"rendered":"\n<p>Yuridiana Sosa\/ Zona Roja.&nbsp;<\/p>\n\n\n\n<p>Oaxaca de Ju\u00e1rez, Oax., 23 de junio de 2022.- La divisi\u00f3n sindical en la Subsecci\u00f3n 07 de la Secci\u00f3n 35 del SNTSA crece en el Hospital Civil \u201cDr. Aurelio Valdivieso\u201d, pues mientras un grupo disidente mantiene la \u201ctoma\u201d de la delegaci\u00f3n en el nosocomio, la dirigencia se manifiesta en las oficinas del Comit\u00e9 Ejecutivo Seccional.<\/p>\n\n\n\n<p>La representaci\u00f3n &nbsp;de la Subsecci\u00f3n 07 a cargo de Adriana Ramos, camilleros y trabajadores del \u00e1rea de transporte, trasladaron su protesta frente a la sede de la Secci\u00f3n 35 del Sindicato Nacional de Trabajadores de la Secretar\u00eda de Salud (SNTSA), en la calle de Leandro Valle, en el casco urbano de la capital, y despu\u00e9s en la colonia Reforma, para exigir una mesa de negociaci\u00f3n con el secretario general, Mario F\u00e9lix Pacheco.&nbsp;<\/p>\n\n\n\n<p>Pues luego del desconocimiento p\u00fablico y formal de una fracci\u00f3n de la base sindical a la delegaci\u00f3n sindical actual, F\u00e9lix Pacheco hizo a un lado a la representaci\u00f3n de la Subsecci\u00f3n 07, para generar condiciones laborales.&nbsp;<\/p>\n\n\n\n<p>A trav\u00e9s de un oficio para los agremiados del Hospital Civil, el secretario general indic\u00f3 que, de manera temporal, a partir del 22 de junio, todos los tr\u00e1mites y gestiones administrativas locales o estatales ser\u00e1n atendidos de manera directa con el Comit\u00e9 Ejecutivo Seccional.&nbsp;<\/p>\n\n\n\n<p>Mientras que la base disidente contin\u00faa, desde el pasado lunes, con la \u201ctoma\u201d indefinida de la Subsecci\u00f3n 07 en el interior del Hospital para exigir el relevo de la dirigencia, que ha pasado de tres a cinco a\u00f1os y medio al frente, ocasionando divisionismo, acusan.&nbsp;<\/p>\n\n\n\n<p>En tanto que la direcci\u00f3n general de los Servicios de Salud de Oaxaca a cargo de Virginia S\u00e1nchez R\u00edos se mantiene omisa en el cumplimiento de demandas m\u00e9dicas y para mejorar las condiciones de atenci\u00f3n a la poblaci\u00f3n. <\/p>\n","protected":false},"excerpt":{"rendered":"<p>Yuridiana Sosa\/ Zona Roja.&nbsp; Oaxaca de Ju\u00e1rez, Oax., 23 de junio de 2022.- La divisi\u00f3n&hellip;<\/p>\n","protected":false},"author":2,"featured_media":42702,"comment_status":"closed","ping_status":"open","sticky":false,"template":"","format":"standard","meta":{"_lmt_disableupdate":"","_lmt_disable":"","_jetpack_memberships_contains_paid_content":false,"footnotes":""},"categories":[109,47],"tags":[1005],"class_list":["post-42704","post","type-post","status-publish","format-standard","has-post-thumbnail","hentry","category-minuto-a-minuto","category-zona-gris","tag-servicios-de-salud-de-oaxaca-sso"],"jetpack_featured_media_url":"https:\/\/zonaroja.com.mx\/wp-content\/uploads\/2022\/06\/6f26fc42-9007-418d-a8b4-46f91a6555eb.jpg","jetpack_sharing_enabled":true,"_links":{"self":[{"href":"https:\/\/zonaroja.com.mx\/index.php?rest_route=\/wp\/v2\/posts\/42704","targetHints":{"allow":["GET"]}}],"collection":[{"href":"https:\/\/zonaroja.com.mx\/index.php?rest_route=\/wp\/v2\/posts"}],"about":[{"href":"https:\/\/zonaroja.com.mx\/index.php?rest_route=\/wp\/v2\/types\/post"}],"author":[{"embeddable":true,"href":"https:\/\/zonaroja.com.mx\/index.php?rest_route=\/wp\/v2\/users\/2"}],"replies":[{"embeddable":true,"href":"https:\/\/zonaroja.com.mx\/index.php?rest_route=%2Fwp%2Fv2%2Fcomments&post=42704"}],"version-history":[{"count":1,"href":"https:\/\/zonaroja.com.mx\/index.php?rest_route=\/wp\/v2\/posts\/42704\/revisions"}],"predecessor-version":[{"id":42705,"href":"https:\/\/zonaroja.com.mx\/index.php?rest_route=\/wp\/v2\/posts\/42704\/revisions\/42705"}],"wp:featuredmedia":[{"embeddable":true,"href":"https:\/\/zonaroja.com.mx\/index.php?rest_route=\/wp\/v2\/media\/42702"}],"wp:attachment":[{"href":"https:\/\/zonaroja.com.mx\/index.php?rest_route=%2Fwp%2Fv2%2Fmedia&parent=42704"}],"wp:term":[{"taxonomy":"category","embeddable":true,"href":"https:\/\/zonaroja.com.mx\/index.php?rest_route=%2Fwp%2Fv2%2Fcategories&post=42704"},{"taxonomy":"post_tag","embeddable":true,"href":"https:\/\/zonaroja.com.mx\/index.php?rest_route=%2Fwp%2Fv2%2Ftags&post=42704"}],"curies":[{"name":"wp","href":"https:\/\/api.w.org\/{rel}","templated":true}]}}