{"id":42709,"date":"2022-06-23T14:43:37","date_gmt":"2022-06-23T19:43:37","guid":{"rendered":"http:\/\/www.zonaroja.com.mx\/?p=42709"},"modified":"2022-06-23T14:43:38","modified_gmt":"2022-06-23T19:43:38","slug":"refuerza-la-sspo-desempeno-de-corporaciones-en-municipios-indigenas","status":"publish","type":"post","link":"https:\/\/zonaroja.com.mx\/?p=42709","title":{"rendered":"Refuerza la SSPO desempe\u00f1o de corporaciones en municipios ind\u00edgenas"},"content":{"rendered":"\n<p>Redacci\u00f3n\/Zona Roja.<\/p>\n\n\n\n<p>Oaxaca de Ju\u00e1rez, Oax., 23 de junio de 2022.- Para fortalecer el desempe\u00f1o de quienes se encargan de preservar el orden y la tranquilidad en municipios que se rigen por el Sistema Normativo Ind\u00edgena, en los distritos de Tlacolula y Pochutla, personal del Instituto de Profesionalizaci\u00f3n de la Secretar\u00eda de Seguridad P\u00fablica de Oaxaca (SSPO), les imparti\u00f3 el Curso de Inducci\u00f3n a la Funci\u00f3n Policial.<\/p>\n\n\n\n<p>Por instrucci\u00f3n de la titular, Dalia Ba\u00f1os Noyola, la Direcci\u00f3n General del Sistema de Desarrollo Policial (Sidepol) facilit\u00f3 dicha capacitaci\u00f3n en los Valles Centrales, con la participaci\u00f3n de Santiago Matatl\u00e1n, San Dionisio Ocotepec, San Baltazar Guelav\u00eda y Santa Mar\u00eda Zoquitl\u00e1n; as\u00ed como en la Costa, con cursantes de Santa Catarina Loxicha, San Baltazar Loxicha y San Bartolom\u00e9 Loxicha.<\/p>\n\n\n\n<p>En dichas actividades, los 80 participantes en total, adquirieron conocimientos espec\u00edficos en Introducci\u00f3n al derecho y seguridad p\u00fablica, Instrucci\u00f3n y disciplina policial, Actuaci\u00f3n del polic\u00eda dentro del sistema de justicia penal, Defensa policial y uso de armas no letales, Detenci\u00f3n y traslado de personas y Actuaci\u00f3n policial en materia de violencia de g\u00e9nero y derechos humanos.<\/p>\n\n\n\n<p>Con ello, la SSPO mantiene los esfuerzos coordinados con autoridades municipales, para brindar mayores y mejores condiciones de seguridad a las y los oaxaque\u00f1os en las ocho regiones de la entidad.<\/p>\n","protected":false},"excerpt":{"rendered":"<p>Redacci\u00f3n\/Zona Roja. Oaxaca de Ju\u00e1rez, Oax., 23 de junio de 2022.- Para fortalecer el desempe\u00f1o&hellip;<\/p>\n","protected":false},"author":2,"featured_media":42710,"comment_status":"closed","ping_status":"open","sticky":false,"template":"","format":"standard","meta":{"_lmt_disableupdate":"","_lmt_disable":"","_jetpack_memberships_contains_paid_content":false,"footnotes":""},"categories":[109,46],"tags":[1421],"class_list":["post-42709","post","type-post","status-publish","format-standard","has-post-thumbnail","hentry","category-minuto-a-minuto","category-zona-blanca","tag-secretaria-de-seguridad-publica-de-oaxaca-sspo"],"jetpack_featured_media_url":"https:\/\/zonaroja.com.mx\/wp-content\/uploads\/2022\/06\/Capacitacion-SSPO-1.jpg","jetpack_sharing_enabled":true,"_links":{"self":[{"href":"https:\/\/zonaroja.com.mx\/index.php?rest_route=\/wp\/v2\/posts\/42709","targetHints":{"allow":["GET"]}}],"collection":[{"href":"https:\/\/zonaroja.com.mx\/index.php?rest_route=\/wp\/v2\/posts"}],"about":[{"href":"https:\/\/zonaroja.com.mx\/index.php?rest_route=\/wp\/v2\/types\/post"}],"author":[{"embeddable":true,"href":"https:\/\/zonaroja.com.mx\/index.php?rest_route=\/wp\/v2\/users\/2"}],"replies":[{"embeddable":true,"href":"https:\/\/zonaroja.com.mx\/index.php?rest_route=%2Fwp%2Fv2%2Fcomments&post=42709"}],"version-history":[{"count":1,"href":"https:\/\/zonaroja.com.mx\/index.php?rest_route=\/wp\/v2\/posts\/42709\/revisions"}],"predecessor-version":[{"id":42711,"href":"https:\/\/zonaroja.com.mx\/index.php?rest_route=\/wp\/v2\/posts\/42709\/revisions\/42711"}],"wp:featuredmedia":[{"embeddable":true,"href":"https:\/\/zonaroja.com.mx\/index.php?rest_route=\/wp\/v2\/media\/42710"}],"wp:attachment":[{"href":"https:\/\/zonaroja.com.mx\/index.php?rest_route=%2Fwp%2Fv2%2Fmedia&parent=42709"}],"wp:term":[{"taxonomy":"category","embeddable":true,"href":"https:\/\/zonaroja.com.mx\/index.php?rest_route=%2Fwp%2Fv2%2Fcategories&post=42709"},{"taxonomy":"post_tag","embeddable":true,"href":"https:\/\/zonaroja.com.mx\/index.php?rest_route=%2Fwp%2Fv2%2Ftags&post=42709"}],"curies":[{"name":"wp","href":"https:\/\/api.w.org\/{rel}","templated":true}]}}