{"id":4271,"date":"2019-09-25T08:37:53","date_gmt":"2019-09-25T13:37:53","guid":{"rendered":"http:\/\/www.zonaroja.com.mx\/?p=4271"},"modified":"2019-09-25T08:37:55","modified_gmt":"2019-09-25T13:37:55","slug":"juan-pablo-escobar-de-hijo-del-narco-mas-famosos-de-colombia-a-activista-por-la-paz","status":"publish","type":"post","link":"https:\/\/zonaroja.com.mx\/?p=4271","title":{"rendered":"Juan Pablo Escobar, de hijo del narco m\u00e1s famosos de Colombia a activista por la paz"},"content":{"rendered":"\n<p>Evlin Arag\u00f3n\/Zona\nRoja.<\/p>\n\n\n\n<p>Oaxaca de\nJu\u00e1rez, Oax., 25 de septiembre de 2019.- Convencido de que la paz es real, no\nuna teor\u00eda que esta en los libros, sino algo que se puede alcanzar con decisi\u00f3n\ny buenas elecciones, Juan Pablo Escobar Henao, recorre el mundo con este\nmensaje dirigido de forma particular a las y los j\u00f3venes, quienes conf\u00eda pueden\nhacer el verdadero cambio social.<\/p>\n\n\n\n<p>Juan Pablo\nes hijo de uno de los capos de la droga m\u00e1s famosos en Colombia, Pablo Escobar,\npor lo que de viva voz y con la experiencia de vida que le precede, busca que\nla juventud tome conciencia del triste mensaje que dejan las series televisivas\ncon tem\u00e1tica del narcotr\u00e1fico.<\/p>\n\n\n\n<p>\u201cEn la\ntelevisi\u00f3n construyen una imagen de Pablo Escobar donde aparentan que es\nexitoso, pero no lo es, eso es lo que tienen que escuchar las y los j\u00f3venes que\nse ven deslumbrados con la vida de lujos y excesos de los narcotraficantes\u201d, dice.<\/p>\n\n\n\n<p>Insiste en\nque la imagen que pintan en las series sobre el mundo del narcotr\u00e1fico confunde\na la juventud, porque no queda claro que se trata de ficci\u00f3n y que la realidad\nno tiene nada que ver con lo que se proyecta en la televisi\u00f3n, por lo anterior\nexplic\u00f3 que ha tomado como una especie de misi\u00f3n compartir lo que realmente se\nvive dentro y lo dif\u00edcil que es salir de ese mundo.<\/p>\n\n\n\n<p>\u201cMi mensaje\nes fuerte y claro, yo invito a las y los j\u00f3venes a la no repetici\u00f3n de la\nhistoria de mi padre Pablo Escobar\u201d, asegura en su visita a la capital del\nestado como parte del Congreso dirigido a este sector poblacional, denominado\n\u201cLo que de verdad importa\u201d.<\/p>\n\n\n\n<p>Juan Pablo\nno s\u00f3lo busca difundir un mensaje de paz en el mundo, sino tambi\u00e9n de\nreconciliaci\u00f3n, misma que hace de forma personal con las v\u00edctimas de su padre y\nson parte de las historias que comparte con la juventud durante los congresos\nen los que participa.<\/p>\n\n\n\n<p>Explica que\nen medio de los entornos de pobreza, violencia y narcotr\u00e1fico que se viven en\nM\u00e9xico, es hasta cierto punto entendible que la aspiraci\u00f3n de las y los j\u00f3venes\nsea convertirse en narcotraficante o sicarios, de ah\u00ed que si la sociedad en\ngeneral no se \u00abpone las pilas\u00bb se dejar\u00e1 perder esta generaci\u00f3n, que\ncada vez m\u00e1s se deja llevar por la imagen err\u00f3nea que ven en la televisi\u00f3n del\ncrimen organizado<\/p>\n\n\n\n<p>\u201cYo soy muy\noptimista y no pierdo las esperanzas en la juventud, definitivamente no creo\nque este perdida, sino bombardeada por un mont\u00f3n de mala informaci\u00f3n que los\nest\u00e1 llevando por un lugar equivocado\u201d, asegura.<\/p>\n\n\n\n<p>Detalla que\ncon toda su experiencia y la de su familia, hoy en d\u00eda sabe que, lo que de\nverdad importa, es no perder la br\u00fajula que est\u00e1 dentro de cada persona y que\nles hace discernir entre el bien y el mal, el sentido de respeto y ayuda hacia\nlas dem\u00e1s personas, aunque no las conozcan.<\/p>\n\n\n\n<p>\u201cMi padre me\nmostr\u00f3 el camino que no deb\u00eda recorrer, un abrazo de paz para todos y\ncompartirles una frase que mi padre me dijo cuando me educo en el tema de las\ndrogas, valiente es aquel que no la prueba, el verdadero valiente es el que es\ncapaz de decirle que no a las drogas\u201d, concluye.&nbsp; <\/p>\n","protected":false},"excerpt":{"rendered":"<p>Evlin Arag\u00f3n\/Zona Roja. Oaxaca de Ju\u00e1rez, Oax., 25 de septiembre de 2019.- Convencido de que&hellip;<\/p>\n","protected":false},"author":2,"featured_media":4272,"comment_status":"closed","ping_status":"open","sticky":false,"template":"","format":"standard","meta":{"_lmt_disableupdate":"","_lmt_disable":"","_jetpack_memberships_contains_paid_content":false,"footnotes":""},"categories":[109,46],"tags":[757,752],"class_list":["post-4271","post","type-post","status-publish","format-standard","has-post-thumbnail","hentry","category-minuto-a-minuto","category-zona-blanca","tag-fundacion-lo-que-de-verdad-importa","tag-juan-pablo-escobar"],"jetpack_featured_media_url":"https:\/\/zonaroja.com.mx\/wp-content\/uploads\/2019\/09\/eZy-Watermark_24-09-2019_10-00-38p.-m..jpg","jetpack_sharing_enabled":true,"_links":{"self":[{"href":"https:\/\/zonaroja.com.mx\/index.php?rest_route=\/wp\/v2\/posts\/4271","targetHints":{"allow":["GET"]}}],"collection":[{"href":"https:\/\/zonaroja.com.mx\/index.php?rest_route=\/wp\/v2\/posts"}],"about":[{"href":"https:\/\/zonaroja.com.mx\/index.php?rest_route=\/wp\/v2\/types\/post"}],"author":[{"embeddable":true,"href":"https:\/\/zonaroja.com.mx\/index.php?rest_route=\/wp\/v2\/users\/2"}],"replies":[{"embeddable":true,"href":"https:\/\/zonaroja.com.mx\/index.php?rest_route=%2Fwp%2Fv2%2Fcomments&post=4271"}],"version-history":[{"count":1,"href":"https:\/\/zonaroja.com.mx\/index.php?rest_route=\/wp\/v2\/posts\/4271\/revisions"}],"predecessor-version":[{"id":4273,"href":"https:\/\/zonaroja.com.mx\/index.php?rest_route=\/wp\/v2\/posts\/4271\/revisions\/4273"}],"wp:featuredmedia":[{"embeddable":true,"href":"https:\/\/zonaroja.com.mx\/index.php?rest_route=\/wp\/v2\/media\/4272"}],"wp:attachment":[{"href":"https:\/\/zonaroja.com.mx\/index.php?rest_route=%2Fwp%2Fv2%2Fmedia&parent=4271"}],"wp:term":[{"taxonomy":"category","embeddable":true,"href":"https:\/\/zonaroja.com.mx\/index.php?rest_route=%2Fwp%2Fv2%2Fcategories&post=4271"},{"taxonomy":"post_tag","embeddable":true,"href":"https:\/\/zonaroja.com.mx\/index.php?rest_route=%2Fwp%2Fv2%2Ftags&post=4271"}],"curies":[{"name":"wp","href":"https:\/\/api.w.org\/{rel}","templated":true}]}}