{"id":42724,"date":"2022-06-23T21:30:28","date_gmt":"2022-06-24T02:30:28","guid":{"rendered":"http:\/\/www.zonaroja.com.mx\/?p=42724"},"modified":"2022-06-23T21:30:29","modified_gmt":"2022-06-24T02:30:29","slug":"no-paran-los-crimenes-en-juchitan-este-jueves-otro-caso","status":"publish","type":"post","link":"https:\/\/zonaroja.com.mx\/?p=42724","title":{"rendered":"No paran los cr\u00edmenes en Juchit\u00e1n; este jueves, otro caso"},"content":{"rendered":"\n<p>Redacci\u00f3n\/Zona Roja.<\/p>\n\n\n\n<p>Oaxaca de Ju\u00e1rez, Oax., 23 de junio de 2022.- La ola de cr\u00edmenes no para en Juchit\u00e1n de Zaragoza, municipio gobernado por el Partido Morena, en segundo trienio de Emilio Montero P\u00e9rez.<\/p>\n\n\n\n<p>La ma\u00f1ana de este jueves, en una vivienda de la colonia Heliodoro Charis, de la S\u00e9ptima Secci\u00f3n, una persona del sexo masculino fue ejecutada a balazos.<\/p>\n\n\n\n<p>La v\u00edctima fue identificada como Leonel Mart\u00ednez, alias \u201cDel\u201d, quien intent\u00f3 huir de sus agresores pero fue perseguido hasta el interior de un domicilio.<\/p>\n\n\n\n<p>Presuntamente el hoy occiso ten\u00eda antecedentes penales, lo cual investiga la Vicefiscal\u00eda Regional del Istmo.<\/p>\n\n\n\n<p>Los familiares levantaron el cuerpo antes de la llegada de peritos y elementos de la Agencia Estatal de Investigaciones, lo cual complic\u00f3 las indagatorias, al borrarse evidencias de la escena del crimen.<\/p>\n","protected":false},"excerpt":{"rendered":"<p>Redacci\u00f3n\/Zona Roja. Oaxaca de Ju\u00e1rez, Oax., 23 de junio de 2022.- La ola de cr\u00edmenes&hellip;<\/p>\n","protected":false},"author":2,"featured_media":42725,"comment_status":"closed","ping_status":"open","sticky":false,"template":"","format":"standard","meta":{"_lmt_disableupdate":"","_lmt_disable":"","_jetpack_memberships_contains_paid_content":false,"footnotes":""},"categories":[109,51],"tags":[123],"class_list":["post-42724","post","type-post","status-publish","format-standard","has-post-thumbnail","hentry","category-minuto-a-minuto","category-zona-roja","tag-juchitan-de-zaragoza"],"jetpack_featured_media_url":"https:\/\/zonaroja.com.mx\/wp-content\/uploads\/2022\/06\/Ejecutado-Juchitan-de-Zaragoza.jpg","jetpack_sharing_enabled":true,"_links":{"self":[{"href":"https:\/\/zonaroja.com.mx\/index.php?rest_route=\/wp\/v2\/posts\/42724","targetHints":{"allow":["GET"]}}],"collection":[{"href":"https:\/\/zonaroja.com.mx\/index.php?rest_route=\/wp\/v2\/posts"}],"about":[{"href":"https:\/\/zonaroja.com.mx\/index.php?rest_route=\/wp\/v2\/types\/post"}],"author":[{"embeddable":true,"href":"https:\/\/zonaroja.com.mx\/index.php?rest_route=\/wp\/v2\/users\/2"}],"replies":[{"embeddable":true,"href":"https:\/\/zonaroja.com.mx\/index.php?rest_route=%2Fwp%2Fv2%2Fcomments&post=42724"}],"version-history":[{"count":1,"href":"https:\/\/zonaroja.com.mx\/index.php?rest_route=\/wp\/v2\/posts\/42724\/revisions"}],"predecessor-version":[{"id":42726,"href":"https:\/\/zonaroja.com.mx\/index.php?rest_route=\/wp\/v2\/posts\/42724\/revisions\/42726"}],"wp:featuredmedia":[{"embeddable":true,"href":"https:\/\/zonaroja.com.mx\/index.php?rest_route=\/wp\/v2\/media\/42725"}],"wp:attachment":[{"href":"https:\/\/zonaroja.com.mx\/index.php?rest_route=%2Fwp%2Fv2%2Fmedia&parent=42724"}],"wp:term":[{"taxonomy":"category","embeddable":true,"href":"https:\/\/zonaroja.com.mx\/index.php?rest_route=%2Fwp%2Fv2%2Fcategories&post=42724"},{"taxonomy":"post_tag","embeddable":true,"href":"https:\/\/zonaroja.com.mx\/index.php?rest_route=%2Fwp%2Fv2%2Ftags&post=42724"}],"curies":[{"name":"wp","href":"https:\/\/api.w.org\/{rel}","templated":true}]}}