{"id":42727,"date":"2022-06-24T07:04:26","date_gmt":"2022-06-24T12:04:26","guid":{"rendered":"http:\/\/www.zonaroja.com.mx\/?p=42727"},"modified":"2022-06-24T07:45:44","modified_gmt":"2022-06-24T12:45:44","slug":"vinculan-a-proceso-a-hipolito-rojas-y-otro-detenido-por-intento-de-homicidio","status":"publish","type":"post","link":"https:\/\/zonaroja.com.mx\/?p=42727","title":{"rendered":"Vinculan a proceso a Hip\u00f3lito Rojas y otro detenido, por intento de homicidio"},"content":{"rendered":"\n<p>Redacci\u00f3n\/Zona Roja.<\/p>\n\n\n\n<p>Oaxaca de Ju\u00e1rez, Oax., 24 de junio de 2022.- Hip\u00f3lito Rojas y su escolta J. M. V. L., fueron vinculados anoche a proceso, por el delito de intento de homicidio, en contra de Eduardo D. Luis Villaseca, dirigente de la agrupaci\u00f3n de transportistas Confederaci\u00f3n Joven.<\/p>\n\n\n\n<p>La Fiscal\u00eda General del Estado de Oaxaca inform\u00f3 anoche de la determinaci\u00f3n del Juzgado de Control, del Poder Judicial del Estado.<\/p>\n\n\n\n<p>En un comunicado de prensa, detall\u00f3 que, de acuerdo con la carpeta de investigaci\u00f3n 21036\/FVCE\/OAXACA\/2022, el pasado 15 de junio tres personas -entre ellos los dos imputados- probablemente intentaron privar de la vida a la v\u00edctima cuando esta recib\u00eda atenci\u00f3n m\u00e9dica en un hospital particular de la capital oaxaque\u00f1a.<\/p>\n\n\n\n<p>Detall\u00f3 que las personas probablemente involucradas en este delito fueron detenidas en flagrancia por cuerpos polic\u00edacos, quienes los pusieron a disposici\u00f3n de la Fiscal\u00eda, en tanto que la Direcci\u00f3n de Averiguaciones Previas y Procesos se hizo cargo de la investigaci\u00f3n correspondiente.<\/p>\n\n\n\n<p>En audiencia y tras validar los datos de prueba proporcionados, el Juez de la causa determin\u00f3 vincular a proceso a J. M. V. L. e H. R. (Hip\u00f3lito Rojas, dirigente de la Confederaci\u00f3n Internacional de Trabajadores en Oaxaca), imponiendo la medida cautelar de prisi\u00f3n preventiva de manera provisional y otorg\u00f3 dos meses para el cierre de investigaci\u00f3n complementaria.<\/p>\n","protected":false},"excerpt":{"rendered":"<p>Redacci\u00f3n\/Zona Roja. Oaxaca de Ju\u00e1rez, Oax., 24 de junio de 2022.- Hip\u00f3lito Rojas y su&hellip;<\/p>\n","protected":false},"author":2,"featured_media":42433,"comment_status":"closed","ping_status":"open","sticky":false,"template":"","format":"standard","meta":{"_lmt_disableupdate":"","_lmt_disable":"","_jetpack_memberships_contains_paid_content":false,"footnotes":""},"categories":[109,46],"tags":[494],"class_list":["post-42727","post","type-post","status-publish","format-standard","has-post-thumbnail","hentry","category-minuto-a-minuto","category-zona-blanca","tag-fiscalia-general-del-estado-de-oaxaca"],"jetpack_featured_media_url":"https:\/\/zonaroja.com.mx\/wp-content\/uploads\/2022\/06\/Detencion-Hipolito-Rojas-CIT-clinica-Oaxaca.jpg","jetpack_sharing_enabled":true,"_links":{"self":[{"href":"https:\/\/zonaroja.com.mx\/index.php?rest_route=\/wp\/v2\/posts\/42727","targetHints":{"allow":["GET"]}}],"collection":[{"href":"https:\/\/zonaroja.com.mx\/index.php?rest_route=\/wp\/v2\/posts"}],"about":[{"href":"https:\/\/zonaroja.com.mx\/index.php?rest_route=\/wp\/v2\/types\/post"}],"author":[{"embeddable":true,"href":"https:\/\/zonaroja.com.mx\/index.php?rest_route=\/wp\/v2\/users\/2"}],"replies":[{"embeddable":true,"href":"https:\/\/zonaroja.com.mx\/index.php?rest_route=%2Fwp%2Fv2%2Fcomments&post=42727"}],"version-history":[{"count":2,"href":"https:\/\/zonaroja.com.mx\/index.php?rest_route=\/wp\/v2\/posts\/42727\/revisions"}],"predecessor-version":[{"id":42740,"href":"https:\/\/zonaroja.com.mx\/index.php?rest_route=\/wp\/v2\/posts\/42727\/revisions\/42740"}],"wp:featuredmedia":[{"embeddable":true,"href":"https:\/\/zonaroja.com.mx\/index.php?rest_route=\/wp\/v2\/media\/42433"}],"wp:attachment":[{"href":"https:\/\/zonaroja.com.mx\/index.php?rest_route=%2Fwp%2Fv2%2Fmedia&parent=42727"}],"wp:term":[{"taxonomy":"category","embeddable":true,"href":"https:\/\/zonaroja.com.mx\/index.php?rest_route=%2Fwp%2Fv2%2Fcategories&post=42727"},{"taxonomy":"post_tag","embeddable":true,"href":"https:\/\/zonaroja.com.mx\/index.php?rest_route=%2Fwp%2Fv2%2Ftags&post=42727"}],"curies":[{"name":"wp","href":"https:\/\/api.w.org\/{rel}","templated":true}]}}