{"id":42729,"date":"2022-06-24T07:20:30","date_gmt":"2022-06-24T12:20:30","guid":{"rendered":"http:\/\/www.zonaroja.com.mx\/?p=42729"},"modified":"2022-06-24T07:20:32","modified_gmt":"2022-06-24T12:20:32","slug":"impulso-a-la-carrera-judicial-fortalecera-la-imparticion-de-justicia-en-oaxaca","status":"publish","type":"post","link":"https:\/\/zonaroja.com.mx\/?p=42729","title":{"rendered":"Impulso a la carrera judicial fortalecer\u00e1 la impartici\u00f3n de justicia en Oaxaca"},"content":{"rendered":"\n<p>Redacci\u00f3n\/Zona Roja.<\/p>\n\n\n\n<p>Oaxaca de Ju\u00e1rez, Oax., 24 de junio de 2022.- La actualizaci\u00f3n y profesionalizaci\u00f3n permanente de las y los operadores judiciales, es primordial para contar con un Poder Judicial s\u00f3lido y con una visi\u00f3n humanizada,&nbsp;por lo cual es necesario fortalecer y consolidar la carrera judicial, que abone a la transformaci\u00f3n del sistema de justicia, coincidieron en se\u00f1alar especialistas que participaron como ponentes en la&nbsp;Jornada Jur\u00eddica \u201cEscuela Judicial. Logros y desaf\u00edos\u201d.<\/p>\n\n\n\n<p>Con el desarrollo de las conferencias magistrales \u201cLa Filosof\u00eda y Epistemolog\u00eda Jur\u00eddica\u201d y \u201cProspectiva de la Docencia Judicial\u201d, as\u00ed como los paneles \u201cAn\u00e1lisis y discusi\u00f3n: Aportes de la investigaci\u00f3n en el Pluralismo Jur\u00eddico\u201d; \u201cLa importancia de la Carrera Judicial en la Impartici\u00f3n de Justicia\u201d; \u201cEscuela Judicial. Logros y desaf\u00edos\u201d y \u201cLa profesionalizaci\u00f3n de la funci\u00f3n judicial\u201d, la jornada cerr\u00f3 con \u00e9xito sus actividades&nbsp;desarrolladas durante tres d\u00edas. &nbsp;<\/p>\n\n\n\n<p>En las distintas ponencias, el punto de coincidencia de&nbsp;prestigiosos acad\u00e9micos locales y nacionales, as\u00ed como&nbsp;de&nbsp;magistradas y magistrados del Tribunal Superior de Justicia del Estado,&nbsp;quienes&nbsp;disertaron&nbsp;en torno a la especializaci\u00f3n y profesionalizaci\u00f3n jur\u00eddica, fue la importancia de formar servidoras y servidores p\u00fablicos con mayor calidad en sus tareas diarias, fundamentos te\u00f3rico-pr\u00e1cticos que les permitan desarrollar los principios de equidad, justicia, igualdad, equidad, legalidad y respeto a los derechos humanos. &nbsp;<\/p>\n\n\n\n<p>Por otra parte, en&nbsp;el marco de la&nbsp;Jornada&nbsp;Jur\u00eddica,&nbsp;organizada&nbsp;trav\u00e9s de la Escuela Judicial del Consejo de la Judicatura, se realiz\u00f3&nbsp;tambi\u00e9n&nbsp;la presentaci\u00f3n del libro \u201cJusticia Transicional\u201d,&nbsp;del doctor&nbsp;Mario&nbsp;Ignacio&nbsp;\u00c1lvarez Ledesma,&nbsp;actualmente&nbsp;Coordinador Acad\u00e9mico de&nbsp;la maestr\u00eda en Derecho Judicial que&nbsp;se&nbsp;impartir\u00e1&nbsp;en conjunto con la Universidad de Perugia, Italia, a partir de septiembre pr\u00f3ximo.&nbsp;<\/p>\n\n\n\n<p>Como comentaristas intervinieron la maestra Edna Georgina Franco Vargas y el doctor Fernando Francisco Coronado Franco, quienes se\u00f1alaron que el libro es una herramienta fundamental para entender el tema de las violaciones a los derechos humanos y el acceso a la justicia.<\/p>\n","protected":false},"excerpt":{"rendered":"<p>Redacci\u00f3n\/Zona Roja. Oaxaca de Ju\u00e1rez, Oax., 24 de junio de 2022.- La actualizaci\u00f3n y profesionalizaci\u00f3n&hellip;<\/p>\n","protected":false},"author":2,"featured_media":42730,"comment_status":"closed","ping_status":"open","sticky":false,"template":"","format":"standard","meta":{"_lmt_disableupdate":"","_lmt_disable":"","_jetpack_memberships_contains_paid_content":false,"footnotes":""},"categories":[109,46],"tags":[223],"class_list":["post-42729","post","type-post","status-publish","format-standard","has-post-thumbnail","hentry","category-minuto-a-minuto","category-zona-blanca","tag-poder-judicial-de-oaxaca"],"jetpack_featured_media_url":"https:\/\/zonaroja.com.mx\/wp-content\/uploads\/2022\/06\/Tribunal-Superior-de-Justicia-Poder-Judicial-Oaxaca.jpg","jetpack_sharing_enabled":true,"_links":{"self":[{"href":"https:\/\/zonaroja.com.mx\/index.php?rest_route=\/wp\/v2\/posts\/42729","targetHints":{"allow":["GET"]}}],"collection":[{"href":"https:\/\/zonaroja.com.mx\/index.php?rest_route=\/wp\/v2\/posts"}],"about":[{"href":"https:\/\/zonaroja.com.mx\/index.php?rest_route=\/wp\/v2\/types\/post"}],"author":[{"embeddable":true,"href":"https:\/\/zonaroja.com.mx\/index.php?rest_route=\/wp\/v2\/users\/2"}],"replies":[{"embeddable":true,"href":"https:\/\/zonaroja.com.mx\/index.php?rest_route=%2Fwp%2Fv2%2Fcomments&post=42729"}],"version-history":[{"count":1,"href":"https:\/\/zonaroja.com.mx\/index.php?rest_route=\/wp\/v2\/posts\/42729\/revisions"}],"predecessor-version":[{"id":42731,"href":"https:\/\/zonaroja.com.mx\/index.php?rest_route=\/wp\/v2\/posts\/42729\/revisions\/42731"}],"wp:featuredmedia":[{"embeddable":true,"href":"https:\/\/zonaroja.com.mx\/index.php?rest_route=\/wp\/v2\/media\/42730"}],"wp:attachment":[{"href":"https:\/\/zonaroja.com.mx\/index.php?rest_route=%2Fwp%2Fv2%2Fmedia&parent=42729"}],"wp:term":[{"taxonomy":"category","embeddable":true,"href":"https:\/\/zonaroja.com.mx\/index.php?rest_route=%2Fwp%2Fv2%2Fcategories&post=42729"},{"taxonomy":"post_tag","embeddable":true,"href":"https:\/\/zonaroja.com.mx\/index.php?rest_route=%2Fwp%2Fv2%2Ftags&post=42729"}],"curies":[{"name":"wp","href":"https:\/\/api.w.org\/{rel}","templated":true}]}}