{"id":4274,"date":"2019-09-25T08:44:22","date_gmt":"2019-09-25T13:44:22","guid":{"rendered":"http:\/\/www.zonaroja.com.mx\/?p=4274"},"modified":"2019-09-25T08:44:25","modified_gmt":"2019-09-25T13:44:25","slug":"llama-onu-mexico-a-reforzar-la-busqueda-del-activista-ernesto-sernas","status":"publish","type":"post","link":"https:\/\/zonaroja.com.mx\/?p=4274","title":{"rendered":"Llama ONU M\u00e9xico a reforzar la b\u00fasqueda del activista Ernesto Sernas"},"content":{"rendered":"\n<p>Evlin\nArag\u00f3n\/Zona Roja.<\/p>\n\n\n\n<p>Oaxaca de\nJu\u00e1rez, Oax., 25 de septiembre de 2019.- El 10 de mayo del 2018, el defensor de\nderechos humanos, abogado y acad\u00e9mico oaxaque\u00f1o, Ernesto Sernas Garc\u00eda, fue\nv\u00edctima de desaparici\u00f3n forzada, de acuerdo con testigos visto por \u00faltima en\ninmediaciones del municipio de San Agust\u00edn de las Junta, en la zona\nmetropolitana.<\/p>\n\n\n\n<p>Su\ndesaparici\u00f3n, seg\u00fan la organizaci\u00f3n Front Line Defender, coincide con un\nmomento crucial en el proceso penal en contra de 23 activistas de la\norganizaci\u00f3n \u201cSol Rojo\u201d que fueron detenidos y acusados de terrorismo y porte\nde explosivos en el 2015, a quienes representaban legalmente.<\/p>\n\n\n\n<p>\u201cAntes de su\ndesaparici\u00f3n, el Dr. Ernesto Sernas Garc\u00eda iba a presentar un conjunto de\npruebas contundentes sobre las violaciones al debido proceso y a los derechos\nhumanos de los 23 activistas procesados\u201d, asegura la organizaci\u00f3n internacional\nen su p\u00e1gina web.<\/p>\n\n\n\n<p>Desde las\nprimeras horas de su desaparici\u00f3n, Abril Sernas Santiago, hija del activista,\nacudi\u00f3 a las oficinas de la Defensor\u00eda de los Derechos Humanos del Pueblo de\nOaxaca y a las instancias nacionales para solicitar el respaldo en su b\u00fasqueda.<\/p>\n\n\n\n<p>Motivo por\nel cual en mayo del 2018 el Observatorio para la Protecci\u00f3n de los Defensores\nde Derechos Humanos, programa conjunto de la Organizaci\u00f3n Mundial contra la\nTortura (OMCT) exigi\u00f3 a las autoridades tomar de manera inmediata las medidas\napropiadas para encontrar su paradero.<\/p>\n\n\n\n<p>As\u00ed mismo,\nen septiembre del 2018, el Comit\u00e9 Contra Desapariciones Forzadas de la ONU\nemiti\u00f3 la Acci\u00f3n Urgente 540\/2018, exigiendo la pronta investigaci\u00f3n y b\u00fasqueda\ndel defensor, catedr\u00e1tico de la UABJO, as\u00ed como garant\u00edas de protecci\u00f3n.<\/p>\n\n\n\n<p>SIN\nRESULTADOS<\/p>\n\n\n\n<p>Sin embargo,\na la fecha nada se sabe de su paradero por lo que, a m\u00e1s de un a\u00f1o de la Acci\u00f3n\nUrgente del CED, la ONUDH hizo un llamado a las autoridades estatales,\nparticularmente a las de Seguridad P\u00fablica y Procuraci\u00f3n de Justicia, para que\nredoblen los esfuerzos en su b\u00fasqueda y presentaci\u00f3n con vida.<\/p>\n\n\n\n<p>La\ndesaparici\u00f3n de Sernas Garc\u00eda ha ocasionado decenas de movilizaciones en la\ncapital del estado por parte de integrantes de Sol Rojo quienes, hasta la\nfecha, mantienen la exigencia de aparici\u00f3n con vida del activista y defensor de\nlos derechos humanos en Oaxaca.<\/p>\n","protected":false},"excerpt":{"rendered":"<p>Evlin Arag\u00f3n\/Zona Roja. Oaxaca de Ju\u00e1rez, Oax., 25 de septiembre de 2019.- El 10 de&hellip;<\/p>\n","protected":false},"author":2,"featured_media":4275,"comment_status":"closed","ping_status":"open","sticky":false,"template":"","format":"standard","meta":{"_lmt_disableupdate":"","_lmt_disable":"","_jetpack_memberships_contains_paid_content":false,"footnotes":""},"categories":[109,47],"tags":[767],"class_list":["post-4274","post","type-post","status-publish","format-standard","has-post-thumbnail","hentry","category-minuto-a-minuto","category-zona-gris","tag-ernesto-sernas-garcia"],"jetpack_featured_media_url":"https:\/\/zonaroja.com.mx\/wp-content\/uploads\/2019\/09\/Ernesto-Serna.jpg","jetpack_sharing_enabled":true,"_links":{"self":[{"href":"https:\/\/zonaroja.com.mx\/index.php?rest_route=\/wp\/v2\/posts\/4274","targetHints":{"allow":["GET"]}}],"collection":[{"href":"https:\/\/zonaroja.com.mx\/index.php?rest_route=\/wp\/v2\/posts"}],"about":[{"href":"https:\/\/zonaroja.com.mx\/index.php?rest_route=\/wp\/v2\/types\/post"}],"author":[{"embeddable":true,"href":"https:\/\/zonaroja.com.mx\/index.php?rest_route=\/wp\/v2\/users\/2"}],"replies":[{"embeddable":true,"href":"https:\/\/zonaroja.com.mx\/index.php?rest_route=%2Fwp%2Fv2%2Fcomments&post=4274"}],"version-history":[{"count":1,"href":"https:\/\/zonaroja.com.mx\/index.php?rest_route=\/wp\/v2\/posts\/4274\/revisions"}],"predecessor-version":[{"id":4276,"href":"https:\/\/zonaroja.com.mx\/index.php?rest_route=\/wp\/v2\/posts\/4274\/revisions\/4276"}],"wp:featuredmedia":[{"embeddable":true,"href":"https:\/\/zonaroja.com.mx\/index.php?rest_route=\/wp\/v2\/media\/4275"}],"wp:attachment":[{"href":"https:\/\/zonaroja.com.mx\/index.php?rest_route=%2Fwp%2Fv2%2Fmedia&parent=4274"}],"wp:term":[{"taxonomy":"category","embeddable":true,"href":"https:\/\/zonaroja.com.mx\/index.php?rest_route=%2Fwp%2Fv2%2Fcategories&post=4274"},{"taxonomy":"post_tag","embeddable":true,"href":"https:\/\/zonaroja.com.mx\/index.php?rest_route=%2Fwp%2Fv2%2Ftags&post=4274"}],"curies":[{"name":"wp","href":"https:\/\/api.w.org\/{rel}","templated":true}]}}