{"id":42744,"date":"2022-06-24T08:00:08","date_gmt":"2022-06-24T13:00:08","guid":{"rendered":"http:\/\/www.zonaroja.com.mx\/?p=42744"},"modified":"2022-06-24T08:00:09","modified_gmt":"2022-06-24T13:00:09","slug":"registra-mexico-inflacion-mas-alta-desde-hace-dos-decadas-7-88","status":"publish","type":"post","link":"https:\/\/zonaroja.com.mx\/?p=42744","title":{"rendered":"Registra M\u00e9xico inflaci\u00f3n m\u00e1s alta desde hace dos d\u00e9cadas: 7.88%"},"content":{"rendered":"\n<p>Redacci\u00f3n\/Zona Roja Cdmx.<\/p>\n\n\n\n<p>Ciudad de M\u00e9xico, 24 de junio de 2022.- La inflaci\u00f3n en M\u00e9xico no cede. En los primeros 15 d\u00edas de junio, el \u00cdndice Nacional de Precios al Consumidor (INPC) experiment\u00f3 una aumento de 0.49 por ciento.&nbsp;<\/p>\n\n\n\n<p>Con este resultado, la inflaci\u00f3n en 12 meses se dispar\u00f3 a 7.88 por ciento, el registro m\u00e1s alto desde enero de 2001, revel\u00f3 el Instituto Nacional de Estad\u00edstica y Geograf\u00eda (Inegi).<\/p>\n\n\n\n<p>Destacaron las presiones de precios en los alimentos frescos y procesados, que tienen una incidencia directa en el nivel de vida de la mayor\u00eda de familias, en l\u00ednea con el traspaso de los altos precios internacionales de materias primas agropecuarias.<\/p>\n\n\n\n<p>La inflaci\u00f3n general anual rebas\u00f3 las expectativas del consenso del mercado, al acelerar de 7.72 la quincena previa a 7.88 por ciento anual, frente al 7.7 por ciento esperado por los analistas, seg\u00fan la m\u00e1s reciente encuesta de Citibanamex.<\/p>\n\n\n\n<p>Todas las divisiones que conforman la canasta del INPC subieron. Entre las ramas con mayores alzas destacaron alimentos, bebidas y tabaco con 11.71 por ciento anual; productos pecuarios, agr\u00edcolas, frutas y verduras registraron aumentos de 15.12, 14.31 y 13.29 por ciento, respectivamente, en los \u00faltimos 12 meses.&nbsp;<\/p>\n\n\n\n<p>Asimismo, las mercanc\u00edas no alimenticias subieron 7.80 por ciento anual; taquer\u00edas, fondas y loncher\u00edas aumentaron 6.64 por ciento; mientras los energ\u00e9ticos, 5.86 por ciento.<\/p>\n\n\n\n<p>AUMENTOS GENERALIZADOS<\/p>\n\n\n\n<p>El avance en el \u00edndice subyacente \u2013-el cual identifica las variaciones de los precios excluyendo los componentes m\u00e1s vol\u00e1tiles como gasolina, electricidad, gas, frutas, verduras\u2013 fue generalizado, tanto en bienes como en servicios, al reportar un increment\u00f3 0.50 por ciento a tasa quincenal y 7.47 por ciento anual en la primera mitad de junio.<\/p>\n\n\n\n<p>Sigue sobresaliendo el incremento en mercanc\u00edas alimenticias. En el caso de los servicios, destac\u00f3 el rebote en los distintos a vivienda y educaci\u00f3n, destacando aquellos de entretenimiento, transporte y restaurantes, asociados a la movilidad social y la rotaci\u00f3n del gasto de bienes a servicios.<\/p>\n\n\n\n<p>El \u00edndice de precios no subyacente, aquel que s\u00ed incluye productos de alta volatilidad como los precios agropecuarios y energ\u00e9ticos, subi\u00f3 0.49 por ciento quincenal y 9.13 por ciento a tasa anual.<\/p>\n\n\n\n<p>Su aceleraci\u00f3n obedeci\u00f3 al incremento en agropecuarios, en l\u00ednea con la evoluci\u00f3n de la cotizaci\u00f3n internacional de las materias primas, como los granos. Ello eclips\u00f3 la moderaci\u00f3n en energ\u00eda, explic\u00f3 Alejandro Salda\u00f1a, subdirector de an\u00e1lisis econ\u00f3mico de Ve por M\u00e1s.<\/p>\n\n\n\n<p>El \u00edndice de Precios de la Canasta de Consumo M\u00ednimo aument\u00f3 0.56 por ciento quincenal y 8.44 por ciento a tasa anual, superior a la inflaci\u00f3n general.<\/p>\n\n\n\n<p>En productos como pan de caja, huevo, leche, naranja, papa, pollo entero y zanahoria, el Paquete contra la Inflaci\u00f3n y la Carest\u00eda (Pacic) no ha tenido efectos, pues el pan registr\u00f3 una inflaci\u00f3n de 18.44 por ciento en la primera quincena de junio, hace dos quincenas fue de 15.9 por ciento; el huevo se dispar\u00f3 21.13; la leche, 13; la naranja, 20.47 y el pollo entero, 14.93 por ciento.<\/p>\n\n\n\n<p>(Informaci\u00f3n de \u201cLa Jornada\u201d)<\/p>\n","protected":false},"excerpt":{"rendered":"<p>Redacci\u00f3n\/Zona Roja Cdmx. Ciudad de M\u00e9xico, 24 de junio de 2022.- La inflaci\u00f3n en M\u00e9xico&hellip;<\/p>\n","protected":false},"author":2,"featured_media":35230,"comment_status":"closed","ping_status":"open","sticky":false,"template":"","format":"standard","meta":{"_lmt_disableupdate":"","_lmt_disable":"","_jetpack_memberships_contains_paid_content":false,"footnotes":""},"categories":[109,47],"tags":[],"class_list":["post-42744","post","type-post","status-publish","format-standard","has-post-thumbnail","hentry","category-minuto-a-minuto","category-zona-gris"],"jetpack_featured_media_url":"https:\/\/zonaroja.com.mx\/wp-content\/uploads\/2021\/12\/Inflacion-aumento-precios-alimentos.jpeg","jetpack_sharing_enabled":true,"_links":{"self":[{"href":"https:\/\/zonaroja.com.mx\/index.php?rest_route=\/wp\/v2\/posts\/42744","targetHints":{"allow":["GET"]}}],"collection":[{"href":"https:\/\/zonaroja.com.mx\/index.php?rest_route=\/wp\/v2\/posts"}],"about":[{"href":"https:\/\/zonaroja.com.mx\/index.php?rest_route=\/wp\/v2\/types\/post"}],"author":[{"embeddable":true,"href":"https:\/\/zonaroja.com.mx\/index.php?rest_route=\/wp\/v2\/users\/2"}],"replies":[{"embeddable":true,"href":"https:\/\/zonaroja.com.mx\/index.php?rest_route=%2Fwp%2Fv2%2Fcomments&post=42744"}],"version-history":[{"count":1,"href":"https:\/\/zonaroja.com.mx\/index.php?rest_route=\/wp\/v2\/posts\/42744\/revisions"}],"predecessor-version":[{"id":42745,"href":"https:\/\/zonaroja.com.mx\/index.php?rest_route=\/wp\/v2\/posts\/42744\/revisions\/42745"}],"wp:featuredmedia":[{"embeddable":true,"href":"https:\/\/zonaroja.com.mx\/index.php?rest_route=\/wp\/v2\/media\/35230"}],"wp:attachment":[{"href":"https:\/\/zonaroja.com.mx\/index.php?rest_route=%2Fwp%2Fv2%2Fmedia&parent=42744"}],"wp:term":[{"taxonomy":"category","embeddable":true,"href":"https:\/\/zonaroja.com.mx\/index.php?rest_route=%2Fwp%2Fv2%2Fcategories&post=42744"},{"taxonomy":"post_tag","embeddable":true,"href":"https:\/\/zonaroja.com.mx\/index.php?rest_route=%2Fwp%2Fv2%2Ftags&post=42744"}],"curies":[{"name":"wp","href":"https:\/\/api.w.org\/{rel}","templated":true}]}}