{"id":42749,"date":"2022-06-24T15:55:01","date_gmt":"2022-06-24T20:55:01","guid":{"rendered":"http:\/\/www.zonaroja.com.mx\/?p=42749"},"modified":"2022-06-24T15:55:22","modified_gmt":"2022-06-24T20:55:22","slug":"maria-ines-ochoa-heredera-de-la-lucha-de-amparo-ochoa-ofrece-ayuda-a-damnificados","status":"publish","type":"post","link":"https:\/\/zonaroja.com.mx\/?p=42749","title":{"rendered":"Mar\u00eda In\u00e9s Ochoa, heredera de la lucha de Amparo Ochoa, ofrece ayuda a damnificados"},"content":{"rendered":"\n<p>Yuridiana Sosa\/Zona Roja. Foto: Diario El Fort\u00edn<\/p>\n\n\n\n<p>Oaxaca de Ju\u00e1rez, Oax., 24 de junio de 2022.- La ayuda para los damnificados de Oaxaca por el hurac\u00e1n \u201cAgatha\u201d contin\u00faa desde la colaboraci\u00f3n de cantantes como Mar\u00eda In\u00e9s Ochoa, hija de Amparo Ochoa, que en vida demostr\u00f3 siempre su apoyo a los campesinos y a movimientos sociales.<\/p>\n\n\n\n<p>Fiel a los ideales de su madre por apoyar a los m\u00e1s vulnerables, la joven cantante decidi\u00f3 destinar los ingresos de la presentaci\u00f3n del documental \u201cAmparo Ochoa: Se me revent\u00f3 El Barz\u00f3n\u00bb, para las familias afectadas por el fen\u00f3meno natural.<\/p>\n\n\n\n<p>Con el respaldo de asociaciones civiles de Oaxaca como Red Chimalli por los Derechos de Todas y Todos y Chatinas por la Igualdad, la sonorense invit\u00f3 a los ciudadanos a formar parte de esta ayuda, que incluir\u00e1 alimentos, libros y juguetes.<\/p>\n\n\n\n<p>Ochoa manifest\u00f3 su cari\u00f1o por la zona sur del pa\u00eds, a la que su madre apoy\u00f3 por medios de la m\u00fasica sus movimientos sociales; de ah\u00ed que algunos le llamaron \u201cLa voz rebelde\u201d, en la d\u00e9cada de los 70, pues en sus canciones daba muestra clara de las injusticias.<\/p>\n\n\n\n<p>Por eso, no podr\u00eda quedarse sin mostrar su respaldo a las familias de Oaxaca.<\/p>\n\n\n\n<p>El documental, dirigido por el cineasta Modesto L\u00f3pez, muestra testimonios de compa\u00f1eros y amigos en la vida art\u00edstica de Amparo, como Mercedes Sosa.<\/p>\n\n\n\n<p>La presentaci\u00f3n se realizar\u00e1 este viernes en el teatro \u201cJu\u00e1rez\u201d en la capital del estado, a las 17:00 horas; el acceso ser\u00e1 con v\u00edveres.<\/p>\n","protected":false},"excerpt":{"rendered":"<p>Yuridiana Sosa\/Zona Roja. Foto: Diario El Fort\u00edn Oaxaca de Ju\u00e1rez, Oax., 24 de junio de&hellip;<\/p>\n","protected":false},"author":2,"featured_media":42750,"comment_status":"closed","ping_status":"open","sticky":false,"template":"","format":"standard","meta":{"_lmt_disableupdate":"","_lmt_disable":"","_jetpack_memberships_contains_paid_content":false,"footnotes":""},"categories":[109,46],"tags":[3171],"class_list":["post-42749","post","type-post","status-publish","format-standard","has-post-thumbnail","hentry","category-minuto-a-minuto","category-zona-blanca","tag-maria-ines-ochoa"],"jetpack_featured_media_url":"https:\/\/zonaroja.com.mx\/wp-content\/uploads\/2022\/06\/Cantante-Maria-Ines-Ochoa.jpg","jetpack_sharing_enabled":true,"_links":{"self":[{"href":"https:\/\/zonaroja.com.mx\/index.php?rest_route=\/wp\/v2\/posts\/42749","targetHints":{"allow":["GET"]}}],"collection":[{"href":"https:\/\/zonaroja.com.mx\/index.php?rest_route=\/wp\/v2\/posts"}],"about":[{"href":"https:\/\/zonaroja.com.mx\/index.php?rest_route=\/wp\/v2\/types\/post"}],"author":[{"embeddable":true,"href":"https:\/\/zonaroja.com.mx\/index.php?rest_route=\/wp\/v2\/users\/2"}],"replies":[{"embeddable":true,"href":"https:\/\/zonaroja.com.mx\/index.php?rest_route=%2Fwp%2Fv2%2Fcomments&post=42749"}],"version-history":[{"count":2,"href":"https:\/\/zonaroja.com.mx\/index.php?rest_route=\/wp\/v2\/posts\/42749\/revisions"}],"predecessor-version":[{"id":42752,"href":"https:\/\/zonaroja.com.mx\/index.php?rest_route=\/wp\/v2\/posts\/42749\/revisions\/42752"}],"wp:featuredmedia":[{"embeddable":true,"href":"https:\/\/zonaroja.com.mx\/index.php?rest_route=\/wp\/v2\/media\/42750"}],"wp:attachment":[{"href":"https:\/\/zonaroja.com.mx\/index.php?rest_route=%2Fwp%2Fv2%2Fmedia&parent=42749"}],"wp:term":[{"taxonomy":"category","embeddable":true,"href":"https:\/\/zonaroja.com.mx\/index.php?rest_route=%2Fwp%2Fv2%2Fcategories&post=42749"},{"taxonomy":"post_tag","embeddable":true,"href":"https:\/\/zonaroja.com.mx\/index.php?rest_route=%2Fwp%2Fv2%2Ftags&post=42749"}],"curies":[{"name":"wp","href":"https:\/\/api.w.org\/{rel}","templated":true}]}}