{"id":42762,"date":"2022-06-24T17:54:45","date_gmt":"2022-06-24T22:54:45","guid":{"rendered":"https:\/\/www.zonaroja.com.mx\/?p=42762"},"modified":"2022-06-24T17:54:46","modified_gmt":"2022-06-24T22:54:46","slug":"absuelven-y-dejan-en-libertad-al-vocero-del-codedi-fredy-garcia","status":"publish","type":"post","link":"https:\/\/zonaroja.com.mx\/?p=42762","title":{"rendered":"Absuelven y dejan en libertad al vocero  del Codedi, Fredy Garc\u00eda"},"content":{"rendered":"\n<p>Redacci\u00f3n\/Zona Roja.&nbsp;<\/p>\n\n\n\n<p>Oaxaca de Ju\u00e1rez, Oax., 24 de junio de 2022.- El Juez del Tribunal de Enjuiciamiento del Poder Judicial de Oaxaca, de la regi\u00f3n de la Costa, resolvi\u00f3 dictar sentencia absolutoria en la causa pena 468\/2019,  en favor del vocero del Comit\u00e9 de Defensa de los Derechos Indigenas (Codedi), Fredy Omar Garc\u00eda Ram\u00edrez.<\/p>\n\n\n\n<p>El individuo fue acusado de haber, junto con otro grupo de personas, retenido y golpeado a polic\u00edas estatales y la entonces candidata a la presidencia municipal de Santiago Xanica, A\u00edda Hern\u00e1ndez Moreno, el 6 de octubre de 2019, en inmediaciones de la Finca Alemania, Santa Mar\u00eda Huatulco.&nbsp;<\/p>\n\n\n\n<p>El abogado defensor, \u00c9dgar L\u00f3pez Garc\u00eda, estableci\u00f3 como estrategia, que el inculpado &nbsp;no cometi\u00f3 los hechos por los cuales se le acusaron, puesto que esos hechos delictivos fueron realizados &nbsp;por personas que estaban cubiertas del rostro, estando exenta la presencia del acusado.<\/p>\n\n\n\n<p>Adem\u00e1s, una de las v\u00edctimas, A\u00edda Hern\u00e1ndez Moreno, actual presidenta municipal de Santiago Xanica , dio versiones distintas de los hechos a diferentes autoridades, y en ellas no realizo se\u00f1alamiento en contra de Fredy Omar.<\/p>\n\n\n\n<p>Ante la falta de pruebas, el Juez de la causa resolvio absolverlo, abandonando el reclusorio a las 10:30 horas de este viernes.<\/p>\n\n\n\n<p>En todo momento, la organizaci\u00f3n Consorcio Oaxaca, ademas del Codedi, defendieron la causa de quien consideraron preso pol\u00edtico. <\/p>\n\n\n\n<p>V\u00eda redes sociales, Consorcio confirm\u00f3 la absoluci\u00f3n y liberaci\u00f3n: <\/p>\n\n\n\n<p>\u201cCelebramos la liberaci\u00f3n de Fredy Omar Garc\u00eda Ram\u00edrez, defensor de la tierra, el territorio y los derechos de los pueblos ind\u00edgenas. Quien a m\u00e1s de 2 a\u00f1os en prisi\u00f3n arbitraria, hoy le es devuelta su libertad\u201d. <\/p>\n","protected":false},"excerpt":{"rendered":"<p>Redacci\u00f3n\/Zona Roja.&nbsp; Oaxaca de Ju\u00e1rez, Oax., 24 de junio de 2022.- El Juez del Tribunal&hellip;<\/p>\n","protected":false},"author":2,"featured_media":42761,"comment_status":"closed","ping_status":"open","sticky":false,"template":"","format":"standard","meta":{"_lmt_disableupdate":"","_lmt_disable":"","_jetpack_memberships_contains_paid_content":false,"footnotes":""},"categories":[109,46],"tags":[971],"class_list":["post-42762","post","type-post","status-publish","format-standard","has-post-thumbnail","hentry","category-minuto-a-minuto","category-zona-blanca","tag-fredy-garcia-ramirez"],"jetpack_featured_media_url":"https:\/\/zonaroja.com.mx\/wp-content\/uploads\/2022\/06\/img_3891.png","jetpack_sharing_enabled":true,"_links":{"self":[{"href":"https:\/\/zonaroja.com.mx\/index.php?rest_route=\/wp\/v2\/posts\/42762","targetHints":{"allow":["GET"]}}],"collection":[{"href":"https:\/\/zonaroja.com.mx\/index.php?rest_route=\/wp\/v2\/posts"}],"about":[{"href":"https:\/\/zonaroja.com.mx\/index.php?rest_route=\/wp\/v2\/types\/post"}],"author":[{"embeddable":true,"href":"https:\/\/zonaroja.com.mx\/index.php?rest_route=\/wp\/v2\/users\/2"}],"replies":[{"embeddable":true,"href":"https:\/\/zonaroja.com.mx\/index.php?rest_route=%2Fwp%2Fv2%2Fcomments&post=42762"}],"version-history":[{"count":1,"href":"https:\/\/zonaroja.com.mx\/index.php?rest_route=\/wp\/v2\/posts\/42762\/revisions"}],"predecessor-version":[{"id":42763,"href":"https:\/\/zonaroja.com.mx\/index.php?rest_route=\/wp\/v2\/posts\/42762\/revisions\/42763"}],"wp:featuredmedia":[{"embeddable":true,"href":"https:\/\/zonaroja.com.mx\/index.php?rest_route=\/wp\/v2\/media\/42761"}],"wp:attachment":[{"href":"https:\/\/zonaroja.com.mx\/index.php?rest_route=%2Fwp%2Fv2%2Fmedia&parent=42762"}],"wp:term":[{"taxonomy":"category","embeddable":true,"href":"https:\/\/zonaroja.com.mx\/index.php?rest_route=%2Fwp%2Fv2%2Fcategories&post=42762"},{"taxonomy":"post_tag","embeddable":true,"href":"https:\/\/zonaroja.com.mx\/index.php?rest_route=%2Fwp%2Fv2%2Ftags&post=42762"}],"curies":[{"name":"wp","href":"https:\/\/api.w.org\/{rel}","templated":true}]}}