{"id":42765,"date":"2022-06-24T20:33:08","date_gmt":"2022-06-25T01:33:08","guid":{"rendered":"http:\/\/www.zonaroja.com.mx\/?p=42765"},"modified":"2022-06-24T20:33:09","modified_gmt":"2022-06-25T01:33:09","slug":"incumple-vera-salinas-con-policia-estatal-no-descartan-paro-de-labores","status":"publish","type":"post","link":"https:\/\/zonaroja.com.mx\/?p=42765","title":{"rendered":"Incumple Vera Salinas con Polic\u00eda Estatal; no descartan paro de labores"},"content":{"rendered":"\n<p>Yuridiana Sosa\/Zona Roja.<\/p>\n\n\n\n<p>Oaxaca de Ju\u00e1rez, Oax., 24 de junio de 2022.- Un grupo de elementos de la Polic\u00eda Estatal de Oaxaca se manifest\u00f3 este viernes en reclamo a carencias que persisten en la corporaci\u00f3n, entre las que destacaron la falta de uniformes y equipamientos.<\/p>\n\n\n\n<p>Consideraron irresponsabilidad del Secretariado Ejecutivo del Sistema Estatal de Seguridad P\u00fablica (SESESP), que dirige Jos\u00e9 Manuel Vera Salinas, el no adquirir y proveer los equipos.<\/p>\n\n\n\n<p>La ma\u00f1ana de este viernes, en conferencia de prensa desde el z\u00f3calo de la capital, un reducido grupo de polic\u00edas expres\u00f3 diversas inconformidades que el gobierno estatal no ha cumplido desde hace m\u00e1s de un a\u00f1o.<\/p>\n\n\n\n<p>Entre las principales faltas se encuentra la compra de uniformes de buena calidad, equipamiento y patrullas en buen estado, de lo cual ha sido omiso Vera Salinas, encargado de realizar las adquisiciones necesarias.<\/p>\n\n\n\n<p>As\u00ed tambi\u00e9n, demandaron al Gobierno del Estado autorice el aumento al salario y los pagos para las jubilaciones de m\u00e1s de 100 elementos, as\u00ed como se realice la entrega completa y en tiempo del recurso correspondiente por defunci\u00f3n de compa\u00f1eros, para cubrir los gastos.<\/p>\n\n\n\n<p>Los uniformados hicieron un llamado al gobierno federal para que intervenga, pues la administraci\u00f3n estatal actual est\u00e1 por concluir su periodo en cinco meses, as\u00ed como esperan que el gobierno estatal entrante tenga sensibilidad para atender sus demandas.<\/p>\n\n\n\n<p>En la protesta reconocieron que estas peticiones no las han realizado de forma directa a la titular de la Secretar\u00eda de Seguridad P\u00fablica, Dalia Ba\u00f1os Noyola, y con quien apuntaron que hasta ahora mantienen una relaci\u00f3n respetuosa.<\/p>\n\n\n\n<p>De no tener atenci\u00f3n para la soluci\u00f3n de sus demandas -entre las que incluyen abasto de agua en el cuartel de Santa Mar\u00eda Coyotepec en Valles Centrales- amagaron con realizar un paro de labores, mismo que podr\u00eda ser consensuado con compa\u00f1eros al interior del estado, en las distintas regiones.\u00a0<\/p>\n\n\n\n<figure class=\"wp-block-embed is-type-rich is-provider-twitter wp-block-embed-twitter\"><div class=\"wp-block-embed__wrapper\">\n<div class=\"twitter-tweet\"><blockquote class=\"twitter-tweet\" data-lang=\"es\"><p lang=\"es\" dir=\"ltr\"><a href=\"https:\/\/twitter.com\/hashtag\/%C3%9AltimoMinuto?src=hash&amp;ref_src=twsrc%5Etfw\">#\u00daltimoMinuto<\/a> <br>Un reducido grupo de elementos de la Polic\u00eda Estatal de <a href=\"https:\/\/twitter.com\/hashtag\/Oaxaca?src=hash&amp;ref_src=twsrc%5Etfw\">#Oaxaca<\/a> protesta para exigir uniformes y equipamiento. <br>Denuncian que la omisi\u00f3n es de la <a href=\"https:\/\/twitter.com\/SESESP_GobOax?ref_src=twsrc%5Etfw\">@SESESP_GobOax<\/a>, a cargo de <a href=\"https:\/\/twitter.com\/polux100?ref_src=twsrc%5Etfw\">@polux100<\/a>, responsable de realizar las adquisiciones. <br>No descartan paro de labores. <a href=\"https:\/\/t.co\/bG0U7MrpUB\">pic.twitter.com\/bG0U7MrpUB<\/a><\/p>&mdash; Zona Roja Oaxaca (@ZonaRoja_Oaxaca) <a href=\"https:\/\/twitter.com\/ZonaRoja_Oaxaca\/status\/1540373067444228099?ref_src=twsrc%5Etfw\">24 de junio de 2022<\/a><\/blockquote><\/div>\n<\/div><\/figure>\n","protected":false},"excerpt":{"rendered":"<p>Yuridiana Sosa\/Zona Roja. Oaxaca de Ju\u00e1rez, Oax., 24 de junio de 2022.- Un grupo de&hellip;<\/p>\n","protected":false},"author":2,"featured_media":42766,"comment_status":"closed","ping_status":"open","sticky":false,"template":"","format":"standard","meta":{"_lmt_disableupdate":"","_lmt_disable":"","_jetpack_memberships_contains_paid_content":false,"footnotes":""},"categories":[109,47],"tags":[984],"class_list":["post-42765","post","type-post","status-publish","format-standard","has-post-thumbnail","hentry","category-minuto-a-minuto","category-zona-gris","tag-policia-estatal-de-oaxaca"],"jetpack_featured_media_url":"https:\/\/zonaroja.com.mx\/wp-content\/uploads\/2022\/06\/Conferencia-de-prensa-Policia-Estatal.jpg","jetpack_sharing_enabled":true,"_links":{"self":[{"href":"https:\/\/zonaroja.com.mx\/index.php?rest_route=\/wp\/v2\/posts\/42765","targetHints":{"allow":["GET"]}}],"collection":[{"href":"https:\/\/zonaroja.com.mx\/index.php?rest_route=\/wp\/v2\/posts"}],"about":[{"href":"https:\/\/zonaroja.com.mx\/index.php?rest_route=\/wp\/v2\/types\/post"}],"author":[{"embeddable":true,"href":"https:\/\/zonaroja.com.mx\/index.php?rest_route=\/wp\/v2\/users\/2"}],"replies":[{"embeddable":true,"href":"https:\/\/zonaroja.com.mx\/index.php?rest_route=%2Fwp%2Fv2%2Fcomments&post=42765"}],"version-history":[{"count":1,"href":"https:\/\/zonaroja.com.mx\/index.php?rest_route=\/wp\/v2\/posts\/42765\/revisions"}],"predecessor-version":[{"id":42767,"href":"https:\/\/zonaroja.com.mx\/index.php?rest_route=\/wp\/v2\/posts\/42765\/revisions\/42767"}],"wp:featuredmedia":[{"embeddable":true,"href":"https:\/\/zonaroja.com.mx\/index.php?rest_route=\/wp\/v2\/media\/42766"}],"wp:attachment":[{"href":"https:\/\/zonaroja.com.mx\/index.php?rest_route=%2Fwp%2Fv2%2Fmedia&parent=42765"}],"wp:term":[{"taxonomy":"category","embeddable":true,"href":"https:\/\/zonaroja.com.mx\/index.php?rest_route=%2Fwp%2Fv2%2Fcategories&post=42765"},{"taxonomy":"post_tag","embeddable":true,"href":"https:\/\/zonaroja.com.mx\/index.php?rest_route=%2Fwp%2Fv2%2Ftags&post=42765"}],"curies":[{"name":"wp","href":"https:\/\/api.w.org\/{rel}","templated":true}]}}