{"id":4277,"date":"2019-09-25T19:31:16","date_gmt":"2019-09-26T00:31:16","guid":{"rendered":"http:\/\/www.zonaroja.com.mx\/?p=4277"},"modified":"2019-09-25T19:31:19","modified_gmt":"2019-09-26T00:31:19","slug":"aprueba-congreso-del-estado-despenalizar-el-aborto-en-oaxaca","status":"publish","type":"post","link":"https:\/\/zonaroja.com.mx\/?p=4277","title":{"rendered":"Aprueba Congreso del Estado despenalizar el aborto en Oaxaca"},"content":{"rendered":"\n<p>Evlin\nArag\u00f3n\/Zona Roja.<\/p>\n\n\n\n<p>San Raymundo\nJalpan, Oax., 25 de septiembre de 2019.- La 64 Legislatura del Congreso del\nEstado aprob\u00f3 hoy reformas al C\u00f3digo Penal, que permiten la interrupci\u00f3n legal\ndel embarazo antes de las 12 semanas de gestaci\u00f3n y con ello hace historia, ya\nque convierte a Oaxaca en la segunda entidad que despenaliza el aborto.<\/p>\n\n\n\n<p>Con 24 votos\na favor y 12 en contra, se aprob\u00f3 la reforma de los art\u00edculos 312, 315 y 316\ndel C\u00f3digo Penal para el Estado, para que s\u00f3lo se considere el aborto como\ndelito despu\u00e9s de la d\u00e9cimo segunda semana de gestaci\u00f3n, y no \u201cen cualquier\nmomento de la pre\u00f1ez\u201d, como dice actualmente el C\u00f3digo Penal.<\/p>\n\n\n\n<p>La\niniciativa fue presentada por las diputadas Laura Estrada Mauro, Hilda Perez\nLuis y Roc\u00edo Machuca, del partido Morena, quienes argumentaron que la\nproblem\u00e1tica refiere que m\u00e1s de 11 mil ahorros clandestinos se practican al a\u00f1o\nen Oaxaca, raz\u00f3n con la que justificaron la propuesta, adem\u00e1s de asegurar que\nse trata de un derecho de las mujeres a decidir sobres sus cuerpos.<\/p>\n\n\n\n<p>Desde\ntemprana hora grupos de activistas a favor y en contra de la despenalizaci\u00f3n se\ndieron cita en el recinto legislativo, en San Raymundo Jalpan.<\/p>\n\n\n\n<p>El grupo que\nse ha denominado a favor de la vida realiz\u00f3 una misa a las afueras del\nCongreso, mientras que lanzaba consignas en contra del aborto, acusando a las\nmujeres y legisladores de asesinas por promover la interrupci\u00f3n legal del\nembarazo.<\/p>\n\n\n\n<p>Mientras que el bloque de mujeres agrupadas en la \u201cMarea Verde\u201d, a favor de la despenalizaci\u00f3n, ingres\u00f3 al recinto poco a poco portando su ya caracter\u00edstico paliacate verde, con carteles y lonas en mano y con la esperanza de hacer historia en Oaxaca. <\/p>\n\n\n\n<figure class=\"wp-block-embed-twitter wp-block-embed is-type-rich is-provider-twitter\"><div class=\"wp-block-embed__wrapper\">\n<div class=\"twitter-tweet\"><blockquote class=\"twitter-tweet\" data-lang=\"es\"><p lang=\"es\" dir=\"ltr\">Con 24 votos a favor y 10 en contra, el <a href=\"https:\/\/twitter.com\/CongresoOaxLXIV?ref_src=twsrc%5Etfw\">@CongresoOaxLXIV<\/a> modifica el C\u00f3digo Penal de Oaxaca en que se despenaliza el aborto. <a href=\"https:\/\/t.co\/q6iiEvw4ic\">pic.twitter.com\/q6iiEvw4ic<\/a><\/p>&mdash; Zona Roja Oaxaca (@MexRoja) <a href=\"https:\/\/twitter.com\/MexRoja\/status\/1176968467171299329?ref_src=twsrc%5Etfw\">25 de septiembre de 2019<\/a><\/blockquote><\/div>\n<\/div><\/figure>\n\n\n\n<p>La sesi\u00f3n al\ninterior del Congreso comenz\u00f3 despu\u00e9s de las 12 del mediod\u00eda y fue hasta\ndespu\u00e9s de las tres de la tarde que inici\u00f3 la discusi\u00f3n en torno a la\ndespenalizaci\u00f3n del aborto, con discursos a favor por parte de integrantes de\nla bancada de Morena, as\u00ed como el bloque independiente; mientras que en contra\nse pronunciaron legisladores del PRI y el PAN principalmente.<\/p>\n\n\n\n<p>Luego de problemas\nt\u00e9cnicos que retrasaron la votaci\u00f3n, mediante el tablero electr\u00f3nico se\nconsignaron 24 votos a favor y 12 en contra, de 41 diputados que asistieron a\nla sesi\u00f3n ordinaria, con lo que se aprob\u00f3 en lo general la despenalizaci\u00f3n del\naborto en Oaxaca. <\/p>\n\n\n\n<p>Lo anterior\nocasion\u00f3 los gritos de ambos bandos, sin embargo, fueron las feministas quienes\ncelebraron la votaci\u00f3n al asegurar que se trata de un paso m\u00e1s para garantizar\nlos derechos sexuales y reproductivos de las mujeres.<\/p>\n\n\n\n<p>As\u00ed lo dijo\nLaura Susana Ch\u00eda, integrante de \u201cMarea Verde\u201d Oaxaca, quien asegur\u00f3 que se\ntrata de un gran logro para el movimiento feminista ya que se trata de derechos\nhumanos, de la libertad de las mujeres, de vivir libres de violencia \u201cvamos\ncaminando, no es todo vamos caminando hay mucho por hacer, pero es un m\u00e1ximo\nlogro\u201d, sostuvo. <\/p>\n\n\n\n<p>Posteriormente\ny con diversas consignas ya fuera del recinto, decenas de mujeres celebraron la\ndespenalizaci\u00f3n del aborto y aseguraron que continuar\u00e1n en la lucha hasta que\nel aborto sea legal en todo el pa\u00eds.<\/p>\n\n\n\n<p>Pese a la\nvotaci\u00f3n de este mi\u00e9rcoles, a\u00fan faltan las modificaciones al art\u00edculo 12 de la\nConstituci\u00f3n, debido a que en Oaxaca se considera la protecci\u00f3n de la vida desde\nel momento de la concepci\u00f3n; sin embargo, la sesi\u00f3n fue suspendida por falta de\ncondiciones debido a los gritos al interior del recinto por parte de grupos a\nfavor y en contra. <\/p>\n\n\n\n<p>Cabe se\u00f1alar\nque el pasado mes de agosto, a iniciativa tambi\u00e9n de la bancada de Morena, se\nlegisl\u00f3 a favor de reconocer la identidad de g\u00e9nero y la uni\u00f3n entre c\u00f3nyuges\ndel mismo sexo, como se hab\u00eda planteado desde hace varios a\u00f1os los colectivos\nLGBTTTI.<\/p>\n","protected":false},"excerpt":{"rendered":"<p>Evlin Arag\u00f3n\/Zona Roja. San Raymundo Jalpan, Oax., 25 de septiembre de 2019.- La 64 Legislatura&hellip;<\/p>\n","protected":false},"author":2,"featured_media":4278,"comment_status":"closed","ping_status":"open","sticky":false,"template":"","format":"standard","meta":{"_lmt_disableupdate":"","_lmt_disable":"","_jetpack_memberships_contains_paid_content":false,"footnotes":""},"categories":[109],"tags":[768],"class_list":["post-4277","post","type-post","status-publish","format-standard","has-post-thumbnail","hentry","category-minuto-a-minuto","tag-aprueba-congreso-de-oaxaca-despenalizacion-del-aborto"],"jetpack_featured_media_url":"https:\/\/zonaroja.com.mx\/wp-content\/uploads\/2019\/09\/IMG_1444.jpg","jetpack_sharing_enabled":true,"_links":{"self":[{"href":"https:\/\/zonaroja.com.mx\/index.php?rest_route=\/wp\/v2\/posts\/4277","targetHints":{"allow":["GET"]}}],"collection":[{"href":"https:\/\/zonaroja.com.mx\/index.php?rest_route=\/wp\/v2\/posts"}],"about":[{"href":"https:\/\/zonaroja.com.mx\/index.php?rest_route=\/wp\/v2\/types\/post"}],"author":[{"embeddable":true,"href":"https:\/\/zonaroja.com.mx\/index.php?rest_route=\/wp\/v2\/users\/2"}],"replies":[{"embeddable":true,"href":"https:\/\/zonaroja.com.mx\/index.php?rest_route=%2Fwp%2Fv2%2Fcomments&post=4277"}],"version-history":[{"count":1,"href":"https:\/\/zonaroja.com.mx\/index.php?rest_route=\/wp\/v2\/posts\/4277\/revisions"}],"predecessor-version":[{"id":4279,"href":"https:\/\/zonaroja.com.mx\/index.php?rest_route=\/wp\/v2\/posts\/4277\/revisions\/4279"}],"wp:featuredmedia":[{"embeddable":true,"href":"https:\/\/zonaroja.com.mx\/index.php?rest_route=\/wp\/v2\/media\/4278"}],"wp:attachment":[{"href":"https:\/\/zonaroja.com.mx\/index.php?rest_route=%2Fwp%2Fv2%2Fmedia&parent=4277"}],"wp:term":[{"taxonomy":"category","embeddable":true,"href":"https:\/\/zonaroja.com.mx\/index.php?rest_route=%2Fwp%2Fv2%2Fcategories&post=4277"},{"taxonomy":"post_tag","embeddable":true,"href":"https:\/\/zonaroja.com.mx\/index.php?rest_route=%2Fwp%2Fv2%2Ftags&post=4277"}],"curies":[{"name":"wp","href":"https:\/\/api.w.org\/{rel}","templated":true}]}}