{"id":42771,"date":"2022-06-25T07:18:05","date_gmt":"2022-06-25T12:18:05","guid":{"rendered":"http:\/\/www.zonaroja.com.mx\/?p=42771"},"modified":"2022-06-25T07:18:07","modified_gmt":"2022-06-25T12:18:07","slug":"ninez-y-juventud-apuesta-institucional-loable-para-fortalecer-democracia","status":"publish","type":"post","link":"https:\/\/zonaroja.com.mx\/?p=42771","title":{"rendered":"Ni\u00f1ez y juventud, apuesta institucional loable para fortalecer democracia"},"content":{"rendered":"\n<p>Redacci\u00f3n\/Zona Roja.<\/p>\n\n\n\n<p>Oaxaca de Ju\u00e1rez, Oax., 25 de junio de 2022.- La consejera presidenta del Instituto Estatal Electoral y de Participaci\u00f3n Ciudadana de Oaxaca (IEEPCO), Elizabeth S\u00e1nchez Gonz\u00e1lez, particip\u00f3 en la presentaci\u00f3n de los resultados de la Consulta Infantil y Juvenil 2021 realizada por el INE, misma que dijo ha sido una de las apuestas institucionales m\u00e1s loables para construir ciudadan\u00eda y robustecer la democracia desde hace m\u00e1s de tres d\u00e9cadas. &nbsp;<\/p>\n\n\n\n<p>\u201cLas ra\u00edces m\u00e1s profundas de la construcci\u00f3n democr\u00e1tica se encuentran en la formaci\u00f3n y preparaci\u00f3n de las ni\u00f1as, ni\u00f1os y adolescentes tanto en la pr\u00e1ctica como en el aprecio de los valores y principios que rigen la democracia. La participaci\u00f3n ciudadana no se construye con la edad sino a partir de la interacci\u00f3n social\u201d, dijo.&nbsp;<\/p>\n\n\n\n<p>S\u00e1nchez Gonz\u00e1lez celebr\u00f3 que el INE haya establecido a nivel nacional esta pr\u00e1ctica formativa entre la poblaci\u00f3n juvenil e infantil cuyos resultados no solamente deben difundirse sino estudiarse y tomarse en cuenta por parte de las instituciones involucradas. &nbsp;<\/p>\n\n\n\n<p>De igual forma destac\u00f3 la participaci\u00f3n de 117 mil 402 ni\u00f1as, ni\u00f1os y adolescentes en la entidad oaxaque\u00f1a; adem\u00e1s la contribuci\u00f3n de 416 mil pertenecientes a comunidades ind\u00edgenas en todo el pa\u00eds, de los cuales 182 mil hablan una lengua ind\u00edgena y m\u00e1s de 4 mil viven en comunidades afromexicanas. \u00a0<\/p>\n\n\n\n<figure class=\"wp-block-embed is-type-rich is-provider-twitter wp-block-embed-twitter\"><div class=\"wp-block-embed__wrapper\">\n<div class=\"twitter-tweet\"><blockquote class=\"twitter-tweet\" data-lang=\"es\"><p lang=\"es\" dir=\"ltr\">Instituciones fortalecemos la construcci\u00f3n de una ciudadan\u00eda activa en la ni\u00f1ez oaxaque\u00f1a. Este d\u00eda, la consejera presidenta, <a href=\"https:\/\/twitter.com\/Bidxa_a?ref_src=twsrc%5Etfw\">@Bidxa_a<\/a> e integrantes del Consejo General del <a href=\"https:\/\/twitter.com\/hashtag\/IEEPCO?src=hash&amp;ref_src=twsrc%5Etfw\">#IEEPCO<\/a>, asistieron a la Presentaci\u00f3n de los Resultados de la Consulta Infantil y Juvenil 2021 del <a href=\"https:\/\/twitter.com\/hashtag\/INE?src=hash&amp;ref_src=twsrc%5Etfw\">#INE<\/a>. <a href=\"https:\/\/t.co\/BtJppXqbIf\">pic.twitter.com\/BtJppXqbIf<\/a><\/p>&mdash; IEEPCO (@IEEPCO) <a href=\"https:\/\/twitter.com\/IEEPCO\/status\/1540437436383338496?ref_src=twsrc%5Etfw\">24 de junio de 2022<\/a><\/blockquote><\/div>\n<\/div><\/figure>\n\n\n\n<p>\u201cEstoy convencida que la participaci\u00f3n de ni\u00f1as, ni\u00f1os y adolescentes en la vida democr\u00e1tica es sumamente importante, particularmente desde una l\u00f3gica de construcci\u00f3n de ciudadan\u00eda, convivencia, tolerancia, interculturalidad, amor y respeto a la comunidad\u201d, indic\u00f3. &nbsp;<\/p>\n\n\n\n<p>Finalmente, S\u00e1nchez Gonz\u00e1lez asegur\u00f3 que uno de los retos del IEEPCO es motivar a toda una generaci\u00f3n que se tuvo que aislar involuntariamente con la pandemia, a fin de hacerla sentir incluida, valiosa y con una participaci\u00f3n esencial para lograr un pa\u00eds y un mundo mejor.&nbsp;<\/p>\n\n\n\n<p>En la presentaci\u00f3n de los resultados tambi\u00e9n estuvieron presentes por parte del \u00f3rgano electoral local la consejera electoral, Nayma Enr\u00edquez Estrada; el consejero electoral, Alejandro Carrasco Sampedro; el encargado de despacho de la Secretar\u00eda Ejecutiva, Juan Carlos Merl\u00edn Mu\u00f1oz; y la encargada de despacho de la Direcci\u00f3n Ejecutiva de Educaci\u00f3n C\u00edvica y Participaci\u00f3n Ciudadana, Luisa Rebeca Garza L\u00f3pez.&nbsp;<\/p>\n\n\n\n<p>As\u00ed mismo, representantes del INE nacional y local, el Sistema Local de Protecci\u00f3n Integral de Ni\u00f1as, Ni\u00f1os y Adolescentes de Oaxaca, la Defensor\u00eda de los Derechos Humanos del Pueblo de Oaxaca; el Consejo Nacional de Fomento Educativo en Oaxaca; al igual que ni\u00f1as y ni\u00f1os que participaron en la Consulta Infantil y Juvenil 2021.&nbsp;<\/p>\n","protected":false},"excerpt":{"rendered":"<p>Redacci\u00f3n\/Zona Roja. Oaxaca de Ju\u00e1rez, Oax., 25 de junio de 2022.- La consejera presidenta del&hellip;<\/p>\n","protected":false},"author":2,"featured_media":42772,"comment_status":"closed","ping_status":"open","sticky":false,"template":"","format":"standard","meta":{"_lmt_disableupdate":"","_lmt_disable":"","_jetpack_memberships_contains_paid_content":false,"footnotes":""},"categories":[109,46],"tags":[2932],"class_list":["post-42771","post","type-post","status-publish","format-standard","has-post-thumbnail","hentry","category-minuto-a-minuto","category-zona-blanca","tag-instituto-estatal-electoral-y-de-participacion-ciudadana-de-oaxaca-ieepco"],"jetpack_featured_media_url":"https:\/\/zonaroja.com.mx\/wp-content\/uploads\/2022\/06\/Elizabeth-Sanchez-Gonzalez-IEEPCO.jpeg","jetpack_sharing_enabled":true,"_links":{"self":[{"href":"https:\/\/zonaroja.com.mx\/index.php?rest_route=\/wp\/v2\/posts\/42771","targetHints":{"allow":["GET"]}}],"collection":[{"href":"https:\/\/zonaroja.com.mx\/index.php?rest_route=\/wp\/v2\/posts"}],"about":[{"href":"https:\/\/zonaroja.com.mx\/index.php?rest_route=\/wp\/v2\/types\/post"}],"author":[{"embeddable":true,"href":"https:\/\/zonaroja.com.mx\/index.php?rest_route=\/wp\/v2\/users\/2"}],"replies":[{"embeddable":true,"href":"https:\/\/zonaroja.com.mx\/index.php?rest_route=%2Fwp%2Fv2%2Fcomments&post=42771"}],"version-history":[{"count":1,"href":"https:\/\/zonaroja.com.mx\/index.php?rest_route=\/wp\/v2\/posts\/42771\/revisions"}],"predecessor-version":[{"id":42773,"href":"https:\/\/zonaroja.com.mx\/index.php?rest_route=\/wp\/v2\/posts\/42771\/revisions\/42773"}],"wp:featuredmedia":[{"embeddable":true,"href":"https:\/\/zonaroja.com.mx\/index.php?rest_route=\/wp\/v2\/media\/42772"}],"wp:attachment":[{"href":"https:\/\/zonaroja.com.mx\/index.php?rest_route=%2Fwp%2Fv2%2Fmedia&parent=42771"}],"wp:term":[{"taxonomy":"category","embeddable":true,"href":"https:\/\/zonaroja.com.mx\/index.php?rest_route=%2Fwp%2Fv2%2Fcategories&post=42771"},{"taxonomy":"post_tag","embeddable":true,"href":"https:\/\/zonaroja.com.mx\/index.php?rest_route=%2Fwp%2Fv2%2Ftags&post=42771"}],"curies":[{"name":"wp","href":"https:\/\/api.w.org\/{rel}","templated":true}]}}