{"id":42774,"date":"2022-06-25T07:27:20","date_gmt":"2022-06-25T12:27:20","guid":{"rendered":"http:\/\/www.zonaroja.com.mx\/?p=42774"},"modified":"2022-06-25T07:27:22","modified_gmt":"2022-06-25T12:27:22","slug":"catean-domicilio-en-acatlan-hallan-droga-armas-y-detienen-a-cuatro-personas","status":"publish","type":"post","link":"https:\/\/zonaroja.com.mx\/?p=42774","title":{"rendered":"Catean domicilio en Acatl\u00e1n: hallan droga, armas y detienen a cuatro personas"},"content":{"rendered":"\n<p>Redacci\u00f3n\/Zona Roja.&nbsp;<\/p>\n\n\n\n<p>Oaxaca de Ju\u00e1rez, Oax., 25 de junio de 2022.- La Fiscal\u00eda General del Estado de Oaxaca (FGEO), a trav\u00e9s de la Vicefiscal\u00eda Regional de la Cuenca, coordin\u00f3 y ejecut\u00f3 tres cateos en diferentes puntos del municipio de Acatl\u00e1n de P\u00e9rez Figueroa, acciones que permitieron el aseguramiento de dosis de droga, armas de fuego y una motocicleta, adem\u00e1s de la detenci\u00f3n de cuatro personas del sexo masculino.<\/p>\n\n\n\n<p>El operativo se realiz\u00f3 la tarde del 22 de junio del a\u00f1o en curso, en el que participaron elementos de la Agencia Estatal de Investigaciones (AEI) y cont\u00f3 con el apoyo de elementos de la Secretar\u00eda de la Defensa Nacional (Sedena) y de la Guardia Nacional, dando cumplimiento a la orden de cateo asentada en el cuadernillo de antecedentes 26\/2022, por delito contra la salud en su modalidad de narcomenudeo en su hip\u00f3tesis de comercio.<\/p>\n\n\n\n<p>En primera instancia, los efectivos se trasladaron a un domicilio particular ubicado en la colonia Nueva Margarita, en la poblaci\u00f3n de Vicente Camalote, del referido municipio, donde detuvieron a dos masculinos identificados como F. T. T. alias \u201cEl Pollo\u201d y L. M. L. alias \u201cEl Tony\u201d, a quienes se les aseguraron envoltorios de polvo blanco con caracter\u00edsticas de la droga denominada cristal; adem\u00e1s, se asegur\u00f3 una escopeta, una b\u00e1scula y una motocicleta.<\/p>\n\n\n\n<figure class=\"wp-block-embed is-type-rich is-provider-twitter wp-block-embed-twitter\"><div class=\"wp-block-embed__wrapper\">\n<div class=\"twitter-tweet\"><blockquote class=\"twitter-tweet\" data-lang=\"es\"><p lang=\"es\" dir=\"ltr\">Se ejecuto orden de cateo en la regi\u00f3n de la Cuenca coordinado con diversas autoridades para brindar seguridad a la sociedad, logrando asegurar:<br>&#8211; 4 masculinos detenidos<br>&#8211; 33 dosis de sustancia conocida como cristal<br>&#8211; 1 arma larga (rifle)<br>&#8211; Diversos objetos como bolsas, b\u00e1sculas <a href=\"https:\/\/t.co\/zZSWh8uIGA\">pic.twitter.com\/zZSWh8uIGA<\/a><\/p>&mdash; AEI OAXACA FGEO (@AeiFgeo) <a href=\"https:\/\/twitter.com\/AeiFgeo\/status\/1540440549320232960?ref_src=twsrc%5Etfw\">24 de junio de 2022<\/a><\/blockquote><\/div>\n<\/div><\/figure>\n\n\n\n<p>Posteriormente, se cate\u00f3 un domicilio ubicado en la calle 16 de Septiembre, en la localidad de La Selva, donde se detuvo al masculino F. Y. M., a quien se le aseguraron bolsitas de polvo con caracter\u00edsticas de cristal, adem\u00e1s de que en el lugar aseguraron m\u00e1s envoltorios de dicha droga.&nbsp;<\/p>\n\n\n\n<p>Finalmente, en el domicilio ubicado en la localidad de La Tembladera, se logr\u00f3 la detenci\u00f3n de A. H. J., a quien tambi\u00e9n se le aseguraron diversos envoltorios de polvo blanco con caracter\u00edsticas de la droga conocida como cristal; adem\u00e1s, en el lugar se aseguraron m\u00e1s dosis, una escopeta y una b\u00e1scula, entre otros indicios que suponen que en el interior de este domicilio se comercializan y consumen estas sustancias.<\/p>\n\n\n\n<p>Los detenidos fueron puestos a disposici\u00f3n de la autoridad judicial que los requiri\u00f3, quien determinar\u00e1 su situaci\u00f3n jur\u00eddica.<\/p>\n\n\n\n<p>Las labores de inteligencia coordinadas con instancias estatales y de la federaci\u00f3n son fundamentales para combatir con \u00e9xito a la criminalidad, por lo que la FGEO est\u00e1 comprometida a implementar acciones que contribuyan a la seguridad p\u00fablica y la eficaz impartici\u00f3n de la justicia.<\/p>\n","protected":false},"excerpt":{"rendered":"<p>Redacci\u00f3n\/Zona Roja.&nbsp; Oaxaca de Ju\u00e1rez, Oax., 25 de junio de 2022.- La Fiscal\u00eda General del&hellip;<\/p>\n","protected":false},"author":2,"featured_media":42775,"comment_status":"closed","ping_status":"open","sticky":false,"template":"","format":"standard","meta":{"_lmt_disableupdate":"","_lmt_disable":"","_jetpack_memberships_contains_paid_content":false,"footnotes":""},"categories":[109,46],"tags":[494],"class_list":["post-42774","post","type-post","status-publish","format-standard","has-post-thumbnail","hentry","category-minuto-a-minuto","category-zona-blanca","tag-fiscalia-general-del-estado-de-oaxaca"],"jetpack_featured_media_url":"https:\/\/zonaroja.com.mx\/wp-content\/uploads\/2022\/06\/Cateo-Acatlan-Fiscalia-AEI.jpeg","jetpack_sharing_enabled":true,"_links":{"self":[{"href":"https:\/\/zonaroja.com.mx\/index.php?rest_route=\/wp\/v2\/posts\/42774","targetHints":{"allow":["GET"]}}],"collection":[{"href":"https:\/\/zonaroja.com.mx\/index.php?rest_route=\/wp\/v2\/posts"}],"about":[{"href":"https:\/\/zonaroja.com.mx\/index.php?rest_route=\/wp\/v2\/types\/post"}],"author":[{"embeddable":true,"href":"https:\/\/zonaroja.com.mx\/index.php?rest_route=\/wp\/v2\/users\/2"}],"replies":[{"embeddable":true,"href":"https:\/\/zonaroja.com.mx\/index.php?rest_route=%2Fwp%2Fv2%2Fcomments&post=42774"}],"version-history":[{"count":1,"href":"https:\/\/zonaroja.com.mx\/index.php?rest_route=\/wp\/v2\/posts\/42774\/revisions"}],"predecessor-version":[{"id":42776,"href":"https:\/\/zonaroja.com.mx\/index.php?rest_route=\/wp\/v2\/posts\/42774\/revisions\/42776"}],"wp:featuredmedia":[{"embeddable":true,"href":"https:\/\/zonaroja.com.mx\/index.php?rest_route=\/wp\/v2\/media\/42775"}],"wp:attachment":[{"href":"https:\/\/zonaroja.com.mx\/index.php?rest_route=%2Fwp%2Fv2%2Fmedia&parent=42774"}],"wp:term":[{"taxonomy":"category","embeddable":true,"href":"https:\/\/zonaroja.com.mx\/index.php?rest_route=%2Fwp%2Fv2%2Fcategories&post=42774"},{"taxonomy":"post_tag","embeddable":true,"href":"https:\/\/zonaroja.com.mx\/index.php?rest_route=%2Fwp%2Fv2%2Ftags&post=42774"}],"curies":[{"name":"wp","href":"https:\/\/api.w.org\/{rel}","templated":true}]}}