{"id":42777,"date":"2022-06-25T07:56:20","date_gmt":"2022-06-25T12:56:20","guid":{"rendered":"http:\/\/www.zonaroja.com.mx\/?p=42777"},"modified":"2022-06-25T07:56:21","modified_gmt":"2022-06-25T12:56:21","slug":"registra-oaxaca-varias-balaceras-y-una-mujer-macheteada","status":"publish","type":"post","link":"https:\/\/zonaroja.com.mx\/?p=42777","title":{"rendered":"Registra Oaxaca varias balaceras y una mujer macheteada"},"content":{"rendered":"\n<p>Redacci\u00f3n\/Zona Roja.<\/p>\n\n\n\n<p>Oaxaca de Ju\u00e1rez, Oax., 25 de junio de 2022.- Al menos tres ataques armados, con saldo de dos lesionados, y la agresi\u00f3n con machete a una mujer, se registraron en las \u00faltimas 12 horas en Oaxaca.<\/p>\n\n\n\n<p>En Juchit\u00e1n de Zaragoza, una presunta ri\u00f1a entre vecinos dej\u00f3 anoche como saldo una mujer macheteada en el brazo.<\/p>\n\n\n\n<p>Los hechos ocurrieron en la calle Tehuana de la colonia Virgen de Guadalupe; la v\u00edctima del ataque fue identificada como Lizeth C., y la supuesta agresora como Arismendi F. B.<\/p>\n\n\n\n<p>Esta madrugada, en la avenida Universidad casi cruce con S\u00edmbolos Patrios, colindancia de Santa Cruz Xoxocotl\u00e1n con la ciudad de Oaxaca, se report\u00f3 una balacera.<\/p>\n\n\n\n<p>El saldo preliminar es de dos personas lesionadas, uno con impacto de bala en la cabeza y otra en la espalda.<\/p>\n\n\n\n<p>Mientras que anoche, alrededor de las 22:00 horas, sujetos armados balearon un domicilio de la calle Calicanto, en la colonia Del Bosque Norte, Santa Luc\u00eda del Camino.<\/p>\n\n\n\n<p>Al menos seis casquillos percutidos fueron hallados en calle, adem\u00e1s de impactos en un domicilio con n\u00famero 102, oficinas del Partido del Trabajo y presuntamente propiedad del ex edil Dante Monta\u00f1o Montero.<\/p>\n\n\n\n<p>Los uniformados estatales llegaron una hora tarde al lugar de los hechos mientras que los polic\u00edas municipales, que dirige Marcos Fredy Hern\u00e1ndez, nunca se presentaron. Personal de la Agencia Estatal de Investigaciones indaga, entre otras l\u00edneas, un probable autoatentado.<\/p>\n\n\n\n<p>Alrededor de las 22:30 horas se reportaron m\u00e1s disparos de arma de fuego pero en jurisdicci\u00f3n de Santa Cruz Xoxocotl\u00e1n, del que no se dieron detalles si hubo lesionados o no.<\/p>\n\n\n\n<figure class=\"wp-block-embed is-type-rich is-provider-twitter wp-block-embed-twitter\"><div class=\"wp-block-embed__wrapper\">\n<div class=\"twitter-tweet\"><blockquote class=\"twitter-tweet\" data-lang=\"es\"><p lang=\"es\" dir=\"ltr\"><a href=\"https:\/\/twitter.com\/hashtag\/%C3%9AltimoMinuto?src=hash&amp;ref_src=twsrc%5Etfw\">#\u00daltimoMinuto<\/a> <br>Unos 40 minutos llega primero la <a href=\"https:\/\/twitter.com\/Policia_GobOax?ref_src=twsrc%5Etfw\">@Policia_GobOax<\/a> a zona de balacera, calle Calicanto colonia del Bosque, Santa Luc\u00eda del Camino, Oaxaca. <br>Ning\u00fan elemento de la polic\u00eda municipal de <a href=\"https:\/\/twitter.com\/MarcosFredy_HL?ref_src=twsrc%5Etfw\">@MarcosFredy_HL<\/a> pese a reportes. <a href=\"https:\/\/t.co\/SrWq3yfFiV\">pic.twitter.com\/SrWq3yfFiV<\/a><\/p>&mdash; Zona Roja Oaxaca (@ZonaRoja_Oaxaca) <a href=\"https:\/\/twitter.com\/ZonaRoja_Oaxaca\/status\/1540543132185632768?ref_src=twsrc%5Etfw\">25 de junio de 2022<\/a><\/blockquote><\/div>\n<\/div><\/figure>\n","protected":false},"excerpt":{"rendered":"<p>Redacci\u00f3n\/Zona Roja. Oaxaca de Ju\u00e1rez, Oax., 25 de junio de 2022.- Al menos tres ataques&hellip;<\/p>\n","protected":false},"author":2,"featured_media":42778,"comment_status":"closed","ping_status":"open","sticky":false,"template":"","format":"standard","meta":{"_lmt_disableupdate":"","_lmt_disable":"","_jetpack_memberships_contains_paid_content":false,"footnotes":""},"categories":[109,47],"tags":[337],"class_list":["post-42777","post","type-post","status-publish","format-standard","has-post-thumbnail","hentry","category-minuto-a-minuto","category-zona-gris","tag-santa-lucia-del-camino"],"jetpack_featured_media_url":"https:\/\/zonaroja.com.mx\/wp-content\/uploads\/2022\/06\/Balazos-colonia-Del-Bosque-Santa-Lucia-del-Camino.jpeg","jetpack_sharing_enabled":true,"_links":{"self":[{"href":"https:\/\/zonaroja.com.mx\/index.php?rest_route=\/wp\/v2\/posts\/42777","targetHints":{"allow":["GET"]}}],"collection":[{"href":"https:\/\/zonaroja.com.mx\/index.php?rest_route=\/wp\/v2\/posts"}],"about":[{"href":"https:\/\/zonaroja.com.mx\/index.php?rest_route=\/wp\/v2\/types\/post"}],"author":[{"embeddable":true,"href":"https:\/\/zonaroja.com.mx\/index.php?rest_route=\/wp\/v2\/users\/2"}],"replies":[{"embeddable":true,"href":"https:\/\/zonaroja.com.mx\/index.php?rest_route=%2Fwp%2Fv2%2Fcomments&post=42777"}],"version-history":[{"count":1,"href":"https:\/\/zonaroja.com.mx\/index.php?rest_route=\/wp\/v2\/posts\/42777\/revisions"}],"predecessor-version":[{"id":42779,"href":"https:\/\/zonaroja.com.mx\/index.php?rest_route=\/wp\/v2\/posts\/42777\/revisions\/42779"}],"wp:featuredmedia":[{"embeddable":true,"href":"https:\/\/zonaroja.com.mx\/index.php?rest_route=\/wp\/v2\/media\/42778"}],"wp:attachment":[{"href":"https:\/\/zonaroja.com.mx\/index.php?rest_route=%2Fwp%2Fv2%2Fmedia&parent=42777"}],"wp:term":[{"taxonomy":"category","embeddable":true,"href":"https:\/\/zonaroja.com.mx\/index.php?rest_route=%2Fwp%2Fv2%2Fcategories&post=42777"},{"taxonomy":"post_tag","embeddable":true,"href":"https:\/\/zonaroja.com.mx\/index.php?rest_route=%2Fwp%2Fv2%2Ftags&post=42777"}],"curies":[{"name":"wp","href":"https:\/\/api.w.org\/{rel}","templated":true}]}}