{"id":42791,"date":"2022-06-25T16:01:03","date_gmt":"2022-06-25T21:01:03","guid":{"rendered":"http:\/\/www.zonaroja.com.mx\/?p=42791"},"modified":"2022-06-25T16:01:05","modified_gmt":"2022-06-25T21:01:05","slug":"detiene-en-oaxaca-a-12-personas-de-banda-delictiva-liderada-por-modesta-n","status":"publish","type":"post","link":"https:\/\/zonaroja.com.mx\/?p=42791","title":{"rendered":"Detiene en Oaxaca a 12 personas de banda delictiva liderada por Modesta \u201cN\u201d"},"content":{"rendered":"\n<p>Redacci\u00f3n\/Zona Roja.<\/p>\n\n\n\n<p>Oaxaca de Ju\u00e1rez, Oax. a 25 de junio de 2022.- Mediante el trabajo interinstitucional y coordinado por la Polic\u00eda Estatal -perteneciente a la Secretar\u00eda de Seguridad P\u00fablica de Oaxaca (SSPO) al mando de Dalia Ba\u00f1os Noyola- y la Fiscal\u00eda General de la Rep\u00fablica (FGR), se informa que durante cateo realizado a un inmueble en San Miguel Soyaltepec, fue asegurada Modesta \u201cN.\u201d, objetivo prioritario, as\u00ed como, 11 personas m\u00e1s. En el lugar fueron decomisadas sustancias il\u00edcitas y armas de fuego.&nbsp;<\/p>\n\n\n\n<p>Dicha diligencia se llev\u00f3 a cabo con la participaci\u00f3n de elementos de la Polic\u00eda Estatal, Fiscal\u00eda General del Estado, Secretar\u00eda de Marina (Semar) y Guardia Nacional (GN), en la que localizaron y aseguraron en el interior de una vivienda del barrio El Mirador de referido municipio a 12 personas, presuntas integrantes de una banda delincuencial que opera en la regi\u00f3n de la Cuenca del Papaloapan.&nbsp;<\/p>\n\n\n\n<p>Asimismo, se localizaron empaquetados en envoltorios sint\u00e9ticos hierba seca con caracter\u00edsticas propias a la marihuana y una sustancia granulada, color blanco aparentemente metanfetamina; as\u00ed como, un arma larga, tres cortas, cartuchos de diversos calibres, cargadores; al igual que, diferentes objetos como fundas de arma, porta cargador, pipa de cristal, bolsas sint\u00e9ticas, entre otros.&nbsp;<\/p>\n\n\n\n<p>Por lo antes mencionado y de acuerdo a los hechos, las personas detenidas, el inmueble y lo asegurado fueron puestos a disposici\u00f3n de las autoridades correspondientes por los delitos de violaci\u00f3n a la Ley Federal de Armas de Fuego y Explosivos y contra la Salud; as\u00ed como, dem\u00e1s que haya lugar.&nbsp;<\/p>\n","protected":false},"excerpt":{"rendered":"<p>Redacci\u00f3n\/Zona Roja. Oaxaca de Ju\u00e1rez, Oax. a 25 de junio de 2022.- Mediante el trabajo&hellip;<\/p>\n","protected":false},"author":2,"featured_media":42787,"comment_status":"closed","ping_status":"open","sticky":false,"template":"","format":"standard","meta":{"_lmt_disableupdate":"","_lmt_disable":"","_jetpack_memberships_contains_paid_content":false,"footnotes":""},"categories":[109,46],"tags":[1421],"class_list":["post-42791","post","type-post","status-publish","format-standard","has-post-thumbnail","hentry","category-minuto-a-minuto","category-zona-blanca","tag-secretaria-de-seguridad-publica-de-oaxaca-sspo"],"jetpack_featured_media_url":"https:\/\/zonaroja.com.mx\/wp-content\/uploads\/2022\/06\/Detenida-banda-delictiva-en-la-Cuenca.jpg","jetpack_sharing_enabled":true,"_links":{"self":[{"href":"https:\/\/zonaroja.com.mx\/index.php?rest_route=\/wp\/v2\/posts\/42791","targetHints":{"allow":["GET"]}}],"collection":[{"href":"https:\/\/zonaroja.com.mx\/index.php?rest_route=\/wp\/v2\/posts"}],"about":[{"href":"https:\/\/zonaroja.com.mx\/index.php?rest_route=\/wp\/v2\/types\/post"}],"author":[{"embeddable":true,"href":"https:\/\/zonaroja.com.mx\/index.php?rest_route=\/wp\/v2\/users\/2"}],"replies":[{"embeddable":true,"href":"https:\/\/zonaroja.com.mx\/index.php?rest_route=%2Fwp%2Fv2%2Fcomments&post=42791"}],"version-history":[{"count":1,"href":"https:\/\/zonaroja.com.mx\/index.php?rest_route=\/wp\/v2\/posts\/42791\/revisions"}],"predecessor-version":[{"id":42792,"href":"https:\/\/zonaroja.com.mx\/index.php?rest_route=\/wp\/v2\/posts\/42791\/revisions\/42792"}],"wp:featuredmedia":[{"embeddable":true,"href":"https:\/\/zonaroja.com.mx\/index.php?rest_route=\/wp\/v2\/media\/42787"}],"wp:attachment":[{"href":"https:\/\/zonaroja.com.mx\/index.php?rest_route=%2Fwp%2Fv2%2Fmedia&parent=42791"}],"wp:term":[{"taxonomy":"category","embeddable":true,"href":"https:\/\/zonaroja.com.mx\/index.php?rest_route=%2Fwp%2Fv2%2Fcategories&post=42791"},{"taxonomy":"post_tag","embeddable":true,"href":"https:\/\/zonaroja.com.mx\/index.php?rest_route=%2Fwp%2Fv2%2Ftags&post=42791"}],"curies":[{"name":"wp","href":"https:\/\/api.w.org\/{rel}","templated":true}]}}