{"id":42793,"date":"2022-06-25T16:07:58","date_gmt":"2022-06-25T21:07:58","guid":{"rendered":"http:\/\/www.zonaroja.com.mx\/?p=42793"},"modified":"2022-06-25T16:07:59","modified_gmt":"2022-06-25T21:07:59","slug":"denuncian-a-segego-de-proteger-a-codedi-en-santiago-xanica-presidenta-teme-por-su-vida","status":"publish","type":"post","link":"https:\/\/zonaroja.com.mx\/?p=42793","title":{"rendered":"Denuncian a Segego de proteger a Codedi en Santiago Xanica; presidenta teme por su vida"},"content":{"rendered":"\n<p>Yuridiana Sosa\/Zona Roja.<\/p>\n\n\n\n<p>Oaxaca de Ju\u00e1rez, Oax., 25 de junio de 2022.- Para las comunidades que gobierna la presidenta municipal de Santiago Xanica, A\u00edda Hern\u00e1ndez Moreno, los recuso son limitados, mientras que para el Comit\u00e9 de Defensa de los Derechos Ind\u00edgenas (Codedi), grupo que se ha apoderado de la cabecera municipal, la Secretar\u00eda General de Gobierno (Segego) ofrece mayor apoyo para obras.<\/p>\n\n\n\n<p>As\u00ed lo denunciaron las autoridades municipales en la capital del estado, desde donde la edil desempe\u00f1a su funci\u00f3n ante las amenazas de muerte por parte de Codedi a partir de que se postul\u00f3 al cargo en 2019, cuando, adem\u00e1s, en el periodo de campa\u00f1a, presuntos integrantes de la organizaci\u00f3n asesinaron a su esposo en represalia.<\/p>\n\n\n\n<p>La presidenta A\u00edda Hern\u00e1ndez Moreno apunt\u00f3 que este fin de semana los agentes municipales de tres comunidades fueron convocados por la Segego a un di\u00e1logo en Santa Mar\u00eda Huatulco para abordar temas sobre la administraci\u00f3n municipal, pero a la que ella no fue convocada.<\/p>\n\n\n\n<p>A dos a\u00f1os de gobierno, la primera edil de Santiago Xanica solo ha logrado trabajar para tres agencias, s\u00f3lo con recursos propios del ayuntamiento, pues a pesar de las gestiones el gobierno del estado le niega fondos extraordinarios para m\u00e1s acciones.<\/p>\n\n\n\n<figure class=\"wp-block-embed is-type-rich is-provider-twitter wp-block-embed-twitter\"><div class=\"wp-block-embed__wrapper\">\n<div class=\"twitter-tweet\"><blockquote class=\"twitter-tweet\" data-lang=\"es\"><p lang=\"es\" dir=\"ltr\">La presidenta municipal de Santiago Xanica, A\u00edda Hern\u00e1ndez Moreno, lament\u00f3 la liberaci\u00f3n del vocero del Comit\u00e9 de Defensa de los Derechos Ind\u00edgenas (Codedi), Fredy Garc\u00eda, y pidi\u00f3 justicia para este caso y por el asesinato de su esposo, quien fuera integrante de la AEI. <a href=\"https:\/\/t.co\/7RP0dkQRYm\">pic.twitter.com\/7RP0dkQRYm<\/a><\/p>&mdash; Zona Roja Oaxaca (@ZonaRoja_Oaxaca) <a href=\"https:\/\/twitter.com\/ZonaRoja_Oaxaca\/status\/1540676549950808064?ref_src=twsrc%5Etfw\">25 de junio de 2022<\/a><\/blockquote><\/div>\n<\/div><\/figure>\n\n\n\n<p>Mientras que las rancher\u00edas son dominadas por la Codedi, a la que la Segego otorga maquinaria y obras para desaprobar la administraci\u00f3n de Hern\u00e1ndez Moreno.<\/p>\n\n\n\n<p>La denuncia de estos actos tuvo lugar ante la liberaci\u00f3n y sentencia absolutoria para el vocero de Codedi, Fredy Omar Garc\u00eda Ram\u00edrez, detenido por la retenci\u00f3n y haber golpeado a polic\u00edas estatales y A\u00edda Hern\u00e1ndez cuando era candidata a la presidencia municipal de Santiago Xanica.<\/p>\n\n\n\n<p>El Juez del Tribunal de Enjuiciamiento del Poder Judicial de Oaxaca, de la regi\u00f3n de la Costa, resolvi\u00f3 la causa pena 468\/2019, en Fredy Omar Garc\u00eda Ram\u00edrez por falta de pruebas de la agresi\u00f3n cometida el 6 de octubre de 2019, en inmediaciones de la Finca Alemania, Santa Mar\u00eda Huatulco.&nbsp;<\/p>\n\n\n\n<p>La presidenta municipal Hern\u00e1ndez Moreno dijo en la ciudad de Oaxaca que ahora, m\u00e1s que antes, teme por su vida y la de su familia.<\/p>\n\n\n\n<p>Incluso, antes de conocer sobre la sentencia, acudi\u00f3 a la Secretar\u00eda de Gobernaci\u00f3n en M\u00e9xico para abordar el tema de sus medidas cautelares y dar por enterado, por medio de oficio, al presidente de M\u00e9xico, Andr\u00e9s Manuel L\u00f3pez Obrador, sobre la situaci\u00f3n que vive.&nbsp;<\/p>\n","protected":false},"excerpt":{"rendered":"<p>Yuridiana Sosa\/Zona Roja. Oaxaca de Ju\u00e1rez, Oax., 25 de junio de 2022.- Para las comunidades&hellip;<\/p>\n","protected":false},"author":2,"featured_media":42785,"comment_status":"closed","ping_status":"open","sticky":false,"template":"","format":"standard","meta":{"_lmt_disableupdate":"","_lmt_disable":"","_jetpack_memberships_contains_paid_content":false,"footnotes":""},"categories":[109,47],"tags":[843,628],"class_list":["post-42793","post","type-post","status-publish","format-standard","has-post-thumbnail","hentry","category-minuto-a-minuto","category-zona-gris","tag-aida-hernandez-moreno","tag-santiago-xanica"],"jetpack_featured_media_url":"https:\/\/zonaroja.com.mx\/wp-content\/uploads\/2022\/06\/Noemi-presidenta-Santiago-Xanica.jpg","jetpack_sharing_enabled":true,"_links":{"self":[{"href":"https:\/\/zonaroja.com.mx\/index.php?rest_route=\/wp\/v2\/posts\/42793","targetHints":{"allow":["GET"]}}],"collection":[{"href":"https:\/\/zonaroja.com.mx\/index.php?rest_route=\/wp\/v2\/posts"}],"about":[{"href":"https:\/\/zonaroja.com.mx\/index.php?rest_route=\/wp\/v2\/types\/post"}],"author":[{"embeddable":true,"href":"https:\/\/zonaroja.com.mx\/index.php?rest_route=\/wp\/v2\/users\/2"}],"replies":[{"embeddable":true,"href":"https:\/\/zonaroja.com.mx\/index.php?rest_route=%2Fwp%2Fv2%2Fcomments&post=42793"}],"version-history":[{"count":1,"href":"https:\/\/zonaroja.com.mx\/index.php?rest_route=\/wp\/v2\/posts\/42793\/revisions"}],"predecessor-version":[{"id":42794,"href":"https:\/\/zonaroja.com.mx\/index.php?rest_route=\/wp\/v2\/posts\/42793\/revisions\/42794"}],"wp:featuredmedia":[{"embeddable":true,"href":"https:\/\/zonaroja.com.mx\/index.php?rest_route=\/wp\/v2\/media\/42785"}],"wp:attachment":[{"href":"https:\/\/zonaroja.com.mx\/index.php?rest_route=%2Fwp%2Fv2%2Fmedia&parent=42793"}],"wp:term":[{"taxonomy":"category","embeddable":true,"href":"https:\/\/zonaroja.com.mx\/index.php?rest_route=%2Fwp%2Fv2%2Fcategories&post=42793"},{"taxonomy":"post_tag","embeddable":true,"href":"https:\/\/zonaroja.com.mx\/index.php?rest_route=%2Fwp%2Fv2%2Ftags&post=42793"}],"curies":[{"name":"wp","href":"https:\/\/api.w.org\/{rel}","templated":true}]}}