{"id":42795,"date":"2022-06-25T19:55:32","date_gmt":"2022-06-26T00:55:32","guid":{"rendered":"http:\/\/www.zonaroja.com.mx\/?p=42795"},"modified":"2022-06-25T19:55:34","modified_gmt":"2022-06-26T00:55:34","slug":"leopoldo-de-gyves-de-la-resistencia-a-la-diplomacia-se-presenta-ante-nicolas-maduro","status":"publish","type":"post","link":"https:\/\/zonaroja.com.mx\/?p=42795","title":{"rendered":"Leopoldo de Gyves, de la resistencia a la diplomacia; se presenta ante Nicol\u00e1s Maduro"},"content":{"rendered":"\n<p>Yuridiana Sosa\/ Zona Roja.<\/p>\n\n\n\n<p>Oaxaca de Ju\u00e1rez, Oax., 25 de junio de 202.- Sin carrera diplom\u00e1tica y, m\u00e1s bien, con una larga trayectoria de oposici\u00f3n y lucha social, el embajador de M\u00e9xico en Venezuela Leopoldo de Gyves de la Cruz entreg\u00f3 sus Cartas Credenciales al Presidente Nicol\u00e1s Maduro.<\/p>\n\n\n\n<p>El encuentro se dio este viernes desde el palacio presidencial de Miraflores, en Caracas, Venezuela, luego de tres meses que el oaxaque\u00f1o originario de Juchit\u00e1n de Zaragoza rindiera protesta ante el pleno del Senado como embajador.<\/p>\n\n\n\n<p>Para la reuni\u00f3n, se desarroll\u00f3 un acto protocolario y c\u00edvico y con ello el inicio de actividades diplom\u00e1ticas de Leopoldo de Gyves en la Rep\u00fablica Bolivariana de Venezuela; esta actividad se llev\u00f3 a cabo en el d\u00eda del 201 Aniversario de la Batalla de Carabobo, decisiva para la conquista de la Independencia de Venezuela.<\/p>\n\n\n\n<p>Parte de la trayectoria pol\u00edtica y social de Gyves de la Cruz fue comentada en la transmisi\u00f3n que se realiz\u00f3 el canal estatal Venezolana de Televisi\u00f3n (VTV), s\u00f3lo destacando que su padre fue el militar Leopoldo de Gyves Pineda; que dej\u00f3 la carrera de Medicina para dedicarse a la lucha social; y fue presidente de Juchit\u00e1n de Zaragoza en los periodos 1981-1983 y 199-2001.<\/p>\n\n\n\n<p>LOS BERRINCHES<\/p>\n\n\n\n<p>En Oaxaca, Leopoldo de Gyves se ha reconocido por su l\u00ednea de izquierda y oposici\u00f3n a los gobiernos del PRI, desde lo local a lo federal. Con aciertos y desaciertos.<\/p>\n\n\n\n<p>Entre los \u00faltimos movimientos sociales que encabez\u00f3 en Oaxaca fue con la Red de Usuarios de Energ\u00eda El\u00e9ctrica en Resistencia, caracterizada porque sus usuarios se negaban a pagar la energ\u00eda a la \u00a0Comisi\u00f3n Federal de Electricidad (CFE), por sus altos costos.<\/p>\n\n\n\n<figure class=\"wp-block-embed is-type-rich is-provider-twitter wp-block-embed-twitter\"><div class=\"wp-block-embed__wrapper\">\n<div class=\"twitter-tweet\"><blockquote class=\"twitter-tweet\" data-lang=\"es\"><p lang=\"es\" dir=\"ltr\">Entregu\u00e9 las Cartas Credenciales al Presidente <a href=\"https:\/\/twitter.com\/NicolasMaduro?ref_src=twsrc%5Etfw\">@NicolasMaduro<\/a> , hoy que se celebra el 201 Aniversario de la Batalla de Carabobo, decisiva para la conquista de la Independencia de Venezuela.<a href=\"https:\/\/twitter.com\/m_ebrard?ref_src=twsrc%5Etfw\">@m_ebrard<\/a> <a href=\"https:\/\/twitter.com\/lopezobrador_?ref_src=twsrc%5Etfw\">@lopezobrador_<\/a> <a href=\"https:\/\/twitter.com\/JesusRCuevas?ref_src=twsrc%5Etfw\">@JesusRCuevas<\/a> <a href=\"https:\/\/t.co\/iAyvi2U4ZM\">pic.twitter.com\/iAyvi2U4ZM<\/a><\/p>&mdash; Polo De Gyves (@GyvesLeopoldo) <a href=\"https:\/\/twitter.com\/GyvesLeopoldo\/status\/1540511475239903232?ref_src=twsrc%5Etfw\">25 de junio de 2022<\/a><\/blockquote><\/div>\n<\/div><\/figure>\n\n\n\n<p>En febrero de 2021 protagoniz\u00f3 una vergonzosa escena para evitar que la Comisi\u00f3n Federal de Electricidad le cortara la energ\u00eda en su domicilio por una deuda que ascend\u00eda a los 120 mil pesos.<\/p>\n\n\n\n<p>Con berrinches que lo llevaron hasta el suelo de una calle en Juchit\u00e1n, y a punto de las l\u00e1grimas, el ahora embajador de M\u00e9xico evit\u00f3 el corte de energ\u00eda por la CFE, quien se acompa\u00f1aba de la Guardia Nacional para dirimir posibles conflictos con los morosos.<\/p>\n\n\n\n<p>La escena qued\u00f3 en la memoria colectiva, pues de forma inmediata se viraliz\u00f3 el hecho.<\/p>\n\n\n\n<p>ANTECEDENTE<\/p>\n\n\n\n<p>De Gyves de la Cruz fue autoridad en dos periodos en Juchit\u00e1n, tambi\u00e9n diputado local y federal; tras el triunfo nacional de Morena, apost\u00f3 a este proyecto y hasta se postul\u00f3 como aspirante a la candidatura por el gobierno de Oaxaca.<\/p>\n\n\n\n<p>Al inicio de su vida pol\u00edtica, fue postulado por el Partido Comunista Mexicano (PCM) en alianza con la Coalici\u00f3n Obrera, Campesina, Estudiantil del Istmo (COCEI), para las elecciones municipales de 1980.<\/p>\n\n\n\n<p>La primera jornada fue anulada al reclamarse un fraude para que ganara el PRI y en nueva elecci\u00f3n, ahora alianza entre el COCEI y el Partido Socialista Unificado de M\u00e9xico (PSUM), gan\u00f3.<\/p>\n\n\n\n<p>El resultado y la llegada de un nuevo gobierno caus\u00f3 el hostigamiento del gobierno estatal y federal, y despu\u00e9s, el Congreso local declar\u00f3 la desaparici\u00f3n de los poderes del ayuntamiento; en consecuencia, hubo m\u00e1s enfrentamientos, la \u201ctoma\u201d del palacio municipal y hechos violentos.<\/p>\n\n\n\n<p>De&nbsp;Gyves de la Cruz se uni\u00f3 al&nbsp;PSUM y fue diputado de la C\u00e1mara Federal&nbsp;durante la LIII Legislatura, entre 1985-1988.<\/p>\n\n\n\n<p>Despu\u00e9s, se uni\u00f3 al&nbsp;Partido de la Revoluci\u00f3n Democr\u00e1tica (PRD) y fue diputado en el Congreso de Oaxaca entre&nbsp;1995 y 1998. Y luego regres\u00f3 a la presidencia municipal&nbsp;de Juchit\u00e1n&nbsp;para el per\u00edodo&nbsp;de 1999 a 2001.&nbsp;<\/p>\n\n\n\n<p>Entre el 2012 y 2018 encabez\u00f3 la lucha de docentes contra la reforma educativa del presidente priista Enrique Pe\u00f1a Nieto, as\u00ed como organiz\u00f3 a los ciudadanos afectados, e ignorados, por los sismos, para recibir apoyos.<\/p>\n","protected":false},"excerpt":{"rendered":"<p>Yuridiana Sosa\/ Zona Roja. Oaxaca de Ju\u00e1rez, Oax., 25 de junio de 202.- Sin carrera&hellip;<\/p>\n","protected":false},"author":2,"featured_media":42786,"comment_status":"closed","ping_status":"open","sticky":false,"template":"","format":"standard","meta":{"_lmt_disableupdate":"","_lmt_disable":"","_jetpack_memberships_contains_paid_content":false,"footnotes":""},"categories":[109,46],"tags":[2429],"class_list":["post-42795","post","type-post","status-publish","format-standard","has-post-thumbnail","hentry","category-minuto-a-minuto","category-zona-blanca","tag-leopoldo-de-gyves"],"jetpack_featured_media_url":"https:\/\/zonaroja.com.mx\/wp-content\/uploads\/2022\/06\/Leopoldo-De-Gyves-Venezuela.jpg","jetpack_sharing_enabled":true,"_links":{"self":[{"href":"https:\/\/zonaroja.com.mx\/index.php?rest_route=\/wp\/v2\/posts\/42795","targetHints":{"allow":["GET"]}}],"collection":[{"href":"https:\/\/zonaroja.com.mx\/index.php?rest_route=\/wp\/v2\/posts"}],"about":[{"href":"https:\/\/zonaroja.com.mx\/index.php?rest_route=\/wp\/v2\/types\/post"}],"author":[{"embeddable":true,"href":"https:\/\/zonaroja.com.mx\/index.php?rest_route=\/wp\/v2\/users\/2"}],"replies":[{"embeddable":true,"href":"https:\/\/zonaroja.com.mx\/index.php?rest_route=%2Fwp%2Fv2%2Fcomments&post=42795"}],"version-history":[{"count":1,"href":"https:\/\/zonaroja.com.mx\/index.php?rest_route=\/wp\/v2\/posts\/42795\/revisions"}],"predecessor-version":[{"id":42796,"href":"https:\/\/zonaroja.com.mx\/index.php?rest_route=\/wp\/v2\/posts\/42795\/revisions\/42796"}],"wp:featuredmedia":[{"embeddable":true,"href":"https:\/\/zonaroja.com.mx\/index.php?rest_route=\/wp\/v2\/media\/42786"}],"wp:attachment":[{"href":"https:\/\/zonaroja.com.mx\/index.php?rest_route=%2Fwp%2Fv2%2Fmedia&parent=42795"}],"wp:term":[{"taxonomy":"category","embeddable":true,"href":"https:\/\/zonaroja.com.mx\/index.php?rest_route=%2Fwp%2Fv2%2Fcategories&post=42795"},{"taxonomy":"post_tag","embeddable":true,"href":"https:\/\/zonaroja.com.mx\/index.php?rest_route=%2Fwp%2Fv2%2Ftags&post=42795"}],"curies":[{"name":"wp","href":"https:\/\/api.w.org\/{rel}","templated":true}]}}