{"id":42801,"date":"2022-06-26T09:00:00","date_gmt":"2022-06-26T14:00:00","guid":{"rendered":"http:\/\/www.zonaroja.com.mx\/?p=42801"},"modified":"2022-06-26T06:52:46","modified_gmt":"2022-06-26T11:52:46","slug":"buscan-a-seis-mujeres-mas-reportadas-como-desaparecidas-en-oaxaca","status":"publish","type":"post","link":"https:\/\/zonaroja.com.mx\/?p=42801","title":{"rendered":"Buscan a seis mujeres m\u00e1s reportadas como desaparecidas en Oaxaca"},"content":{"rendered":"\n<p>Yuridiana Sosa\/Zona Roja.<\/p>\n\n\n\n<p>Oaxaca de Ju\u00e1rez, Oax., 25 de junio de 2022.- &nbsp;Los reportes de mujeres desaparecidas en Oaxaca continuaron, en la que hasta este fin de semana seis segu\u00edan con fichas vigentes de b\u00fasqueda, mientras que en siete casos m\u00e1s fueron reportadas como localizadas.<\/p>\n\n\n\n<p>Entre los hechos m\u00e1s recientes, la Unidad de B\u00fasqueda de Personas Desaparecidas y No Localizadas de la Fiscal\u00eda General de Oaxaca&nbsp; public\u00f3 la ficha para encontrar a Daniela Garc\u00eda Z\u00e1rate de 15 a\u00f1os de edad, vista desde el pasado 24 de junio en la comunidad de R\u00edo Grande, Villa de Tututepec, en la regi\u00f3n de la Costa.<\/p>\n\n\n\n<p>El pasado 23 de junio ocurrieron las desapariciones de dos j\u00f3venes mujeres en lugares distintos de la entidad. Uno de estos casos fue en San Antonio de la Cal, conurbado a Oaxaca, donde se vio por \u00faltima vez a Dalia Berenice Mariano M\u00e9ndez, de 26 a\u00f1os.<\/p>\n\n\n\n<p>Un segundo hecho se registr\u00f3 en el centro Zimatl\u00e1n de \u00c1lvarez, en Valles Centrales, donde estuvo Paola Yazm\u00edn P\u00e9rez Cordova, de 17 a\u00f1os.<\/p>\n\n\n\n<p>Abigail Lizbeth Aquino Arag\u00f3n, de 34 a\u00f1os, desapareci\u00f3 luego de ser vista en la colonia Jos\u00e9 Vasconcelos, de la capital oaxaque\u00f1a, el pasado 17 de junio.<\/p>\n\n\n\n<p>Otra ficha de b\u00fasqueda con la que se pide a la poblaci\u00f3n ayuda, es para localizar a Lizzeth Flores Victoria, de 28 a\u00f1os de edad, vista desde el pasado 15 de mayo en la Central de Abastos de la ciudad de Oaxaca.<\/p>\n\n\n\n<p>Esta semana fue compartido el caso de Concepci\u00f3n Melisa Balbuena Bravo, de 26 a\u00f1os, vista por \u00faltima vez en diciembre de 2021, en Huajuapan de Le\u00f3n, en la regi\u00f3n de la Mixteca.<\/p>\n\n\n\n<p>SE SUMAN CASOS DE VARONES<\/p>\n\n\n\n<p>La Fiscal\u00eda de Oaxaca por medio de su Unidad de B\u00fasqueda dio a conocer los casos de cuatro varones que siguen desaparecidos, tres de ellos vistos por \u00faltima vez en calles de la capital del estado.<\/p>\n\n\n\n<p>Familiares y autoridades piden la colaboraci\u00f3n para localizar a Juventino Cruz Cruz de 35 a\u00f1os, desaparecido el 12 de agosto pasado en la avenida S\u00edmbolos Patrios de Oaxaca de Ju\u00e1rez.<\/p>\n\n\n\n<p>Jos\u00e9 Alberto Ochoa Gonz\u00e1lez, de 29 a\u00f1os, desapareci\u00f3 luego de ser visto el pasado 16 de junio en la colonia Vicente Guerrero del municipio de Loma Bonita, en la regi\u00f3n de la Cuenca.<\/p>\n\n\n\n<p>Mientras que a Jorge Aroldo Velasco P\u00e9rez, de 40 a\u00f1os, lo buscan desde que desapareci\u00f3 el pasado 4 de febrero en el centro de Oaxaca. En esa misma zona, tambi\u00e9n fue visto por \u00faltima vez Erick Altamirano Garc\u00eda, de16 a\u00f1os el pasado 15 de junio.<\/p>\n","protected":false},"excerpt":{"rendered":"<p>Yuridiana Sosa\/Zona Roja. Oaxaca de Ju\u00e1rez, Oax., 25 de junio de 2022.- &nbsp;Los reportes de&hellip;<\/p>\n","protected":false},"author":2,"featured_media":42802,"comment_status":"closed","ping_status":"open","sticky":false,"template":"","format":"standard","meta":{"_lmt_disableupdate":"","_lmt_disable":"","_jetpack_memberships_contains_paid_content":false,"footnotes":""},"categories":[109,47],"tags":[455],"class_list":["post-42801","post","type-post","status-publish","format-standard","has-post-thumbnail","hentry","category-minuto-a-minuto","category-zona-gris","tag-mujeres-desaparecidas-oaxaca"],"jetpack_featured_media_url":"https:\/\/zonaroja.com.mx\/wp-content\/uploads\/2022\/06\/Desaparecidas-Oaxaca-1.jpg","jetpack_sharing_enabled":true,"_links":{"self":[{"href":"https:\/\/zonaroja.com.mx\/index.php?rest_route=\/wp\/v2\/posts\/42801","targetHints":{"allow":["GET"]}}],"collection":[{"href":"https:\/\/zonaroja.com.mx\/index.php?rest_route=\/wp\/v2\/posts"}],"about":[{"href":"https:\/\/zonaroja.com.mx\/index.php?rest_route=\/wp\/v2\/types\/post"}],"author":[{"embeddable":true,"href":"https:\/\/zonaroja.com.mx\/index.php?rest_route=\/wp\/v2\/users\/2"}],"replies":[{"embeddable":true,"href":"https:\/\/zonaroja.com.mx\/index.php?rest_route=%2Fwp%2Fv2%2Fcomments&post=42801"}],"version-history":[{"count":1,"href":"https:\/\/zonaroja.com.mx\/index.php?rest_route=\/wp\/v2\/posts\/42801\/revisions"}],"predecessor-version":[{"id":42803,"href":"https:\/\/zonaroja.com.mx\/index.php?rest_route=\/wp\/v2\/posts\/42801\/revisions\/42803"}],"wp:featuredmedia":[{"embeddable":true,"href":"https:\/\/zonaroja.com.mx\/index.php?rest_route=\/wp\/v2\/media\/42802"}],"wp:attachment":[{"href":"https:\/\/zonaroja.com.mx\/index.php?rest_route=%2Fwp%2Fv2%2Fmedia&parent=42801"}],"wp:term":[{"taxonomy":"category","embeddable":true,"href":"https:\/\/zonaroja.com.mx\/index.php?rest_route=%2Fwp%2Fv2%2Fcategories&post=42801"},{"taxonomy":"post_tag","embeddable":true,"href":"https:\/\/zonaroja.com.mx\/index.php?rest_route=%2Fwp%2Fv2%2Ftags&post=42801"}],"curies":[{"name":"wp","href":"https:\/\/api.w.org\/{rel}","templated":true}]}}