{"id":42813,"date":"2022-06-26T08:00:00","date_gmt":"2022-06-26T13:00:00","guid":{"rendered":"http:\/\/www.zonaroja.com.mx\/?p=42813"},"modified":"2022-06-26T07:01:18","modified_gmt":"2022-06-26T12:01:18","slug":"mexico-es-el-segundo-lugar-en-asesinatos-de-personas-trans-en-el-mundo-ai","status":"publish","type":"post","link":"https:\/\/zonaroja.com.mx\/?p=42813","title":{"rendered":"M\u00e9xico es el segundo lugar en asesinatos de personas trans en el mundo: AI"},"content":{"rendered":"\n<p>Redacci\u00f3n\/Zona Roja Cdmx.<\/p>\n\n\n\n<p>Ciudad de M\u00e9xico, 26 de junio de 2022.- En el contexto de la 44 Marcha del Orgullo LGBT+, Amnist\u00eda Internacional (AI) M\u00e9xico inst\u00f3 al Estado a emprender acciones que disminuyan los discursos de odio y los actos de discriminaci\u00f3n contra integrantes de la diversidad sexual.<\/p>\n\n\n\n<p>\u201cEs urgente tambi\u00e9n la adopci\u00f3n de medidas para prevenir las agresiones, violencias y cr\u00edmenes de odio, que hacen de M\u00e9xico un lugar peligroso\u201d para los integrantes de esta comunidad, destac\u00f3 su directora general, Edith Olivares.<\/p>\n\n\n\n<p>Insisti\u00f3 en la necesidad de que se apliquen pol\u00edticas p\u00fablicas transversales que garanticen los derechos humanos de las poblaciones lesbianas, gays, bisexuales, trans, intersexuales y queer, entre otros, \u201cque est\u00e1n garantizados en la Constituci\u00f3n del pa\u00eds\u201d.<\/p>\n\n\n\n<p>Refiri\u00f3 que el Observatorio de Personas Trans Asesinadas reporta que entre el 1\u00ba de octubre de 2019 y el 30 de septiembre de 2020 \u201cfueron asesinadas 350 personas trans y g\u00e9nero-diversas\u201d en todo el mundo.&nbsp;<\/p>\n\n\n\n<p>\u201cEl mayor n\u00famero de esos cr\u00edmenes ocurrieron en Brasil, 152; M\u00e9xico se ubica en segundo lugar, con 57, y Estados Unidos en tercero, con 28\u201d.<\/p>\n\n\n\n<p>AI celebr\u00f3 que la Marcha del Orgullo LGBT+ vuelva a salir a las calles de la Ciudad de M\u00e9xico, luego de dos a\u00f1os de realizarse de manera virtual por la pandemia de coronavirus.<\/p>\n","protected":false},"excerpt":{"rendered":"<p>Redacci\u00f3n\/Zona Roja Cdmx. Ciudad de M\u00e9xico, 26 de junio de 2022.- En el contexto de&hellip;<\/p>\n","protected":false},"author":2,"featured_media":42805,"comment_status":"closed","ping_status":"open","sticky":false,"template":"","format":"standard","meta":{"_lmt_disableupdate":"","_lmt_disable":"","_jetpack_memberships_contains_paid_content":false,"footnotes":""},"categories":[109,47],"tags":[],"class_list":["post-42813","post","type-post","status-publish","format-standard","has-post-thumbnail","hentry","category-minuto-a-minuto","category-zona-gris"],"jetpack_featured_media_url":"https:\/\/zonaroja.com.mx\/wp-content\/uploads\/2022\/06\/Marcha-del-orgullo-gay.jpg","jetpack_sharing_enabled":true,"_links":{"self":[{"href":"https:\/\/zonaroja.com.mx\/index.php?rest_route=\/wp\/v2\/posts\/42813","targetHints":{"allow":["GET"]}}],"collection":[{"href":"https:\/\/zonaroja.com.mx\/index.php?rest_route=\/wp\/v2\/posts"}],"about":[{"href":"https:\/\/zonaroja.com.mx\/index.php?rest_route=\/wp\/v2\/types\/post"}],"author":[{"embeddable":true,"href":"https:\/\/zonaroja.com.mx\/index.php?rest_route=\/wp\/v2\/users\/2"}],"replies":[{"embeddable":true,"href":"https:\/\/zonaroja.com.mx\/index.php?rest_route=%2Fwp%2Fv2%2Fcomments&post=42813"}],"version-history":[{"count":1,"href":"https:\/\/zonaroja.com.mx\/index.php?rest_route=\/wp\/v2\/posts\/42813\/revisions"}],"predecessor-version":[{"id":42814,"href":"https:\/\/zonaroja.com.mx\/index.php?rest_route=\/wp\/v2\/posts\/42813\/revisions\/42814"}],"wp:featuredmedia":[{"embeddable":true,"href":"https:\/\/zonaroja.com.mx\/index.php?rest_route=\/wp\/v2\/media\/42805"}],"wp:attachment":[{"href":"https:\/\/zonaroja.com.mx\/index.php?rest_route=%2Fwp%2Fv2%2Fmedia&parent=42813"}],"wp:term":[{"taxonomy":"category","embeddable":true,"href":"https:\/\/zonaroja.com.mx\/index.php?rest_route=%2Fwp%2Fv2%2Fcategories&post=42813"},{"taxonomy":"post_tag","embeddable":true,"href":"https:\/\/zonaroja.com.mx\/index.php?rest_route=%2Fwp%2Fv2%2Ftags&post=42813"}],"curies":[{"name":"wp","href":"https:\/\/api.w.org\/{rel}","templated":true}]}}